{"id":3556,"date":"2021-02-22T19:36:52","date_gmt":"2021-02-22T18:36:52","guid":{"rendered":"https:\/\/book2net.net\/?p=3556"},"modified":"2025-04-14T13:58:27","modified_gmt":"2025-04-14T11:58:27","slug":"ein-flash-im-irischen-zeitungsarchiv","status":"publish","type":"post","link":"https:\/\/book2net.net\/de\/2021\/02\/22\/ein-flash-im-irischen-zeitungsarchiv\/","title":{"rendered":"Gro\u00dfformatscanner in den Irish Newspaper Archives"},"content":{"rendered":"\n\n\t<section class=\"section dark\" id=\"section_82703057\">\n\t\t<div class=\"section-bg fill\" >\n\t\t\t\t\t\t\t\t\t\n\t\t\t\n\n\t\t<\/div>\n\n\t\t\n\n\t\t<div class=\"section-content relative\">\n\t\t\t\n\n<div class=\"row\"  id=\"row-1184031666\">\n\n\n\t<div id=\"col-1187486331\" class=\"col small-12 large-12\"  >\n\t\t\t\t<div class=\"col-inner\"  >\n\t\t\t\n\t\t\t\n\n<div class=\"row align-bottom\"  id=\"row-1766597554\">\n\n\n\t<div id=\"col-902145781\" class=\"col medium-7 small-12 large-7\"  >\n\t\t\t\t<div class=\"col-inner\"  >\n\t\t\t\n\t\t\t\n\n\t<div id=\"text-792769887\" class=\"text\">\n\t\t\n\n<h3>Hochleistungs-Einsatz<br>in den Irish Newspaper Archives<\/h3>\n\t\t\n<style>\n#text-792769887 {\n  font-size: 3.25rem;\n  line-height: 1.25;\n}\n<\/style>\n\t<\/div>\n\t\n\n\t\t<\/div>\n\t\t\t\t\t<\/div>\n\n\t\n\n\t<div id=\"col-98009734\" class=\"col medium-5 small-12 large-5\"  data-animate=\"fadeInRight\">\n\t\t\t\t<div class=\"col-inner\"  >\n\t\t\t\n\t<div class=\"is-border\"\n\t\tstyle=\"border-width:0px 0px 0px 3px;\">\n\t<\/div>\n\t\t\t\n\n<h5>Seit Jahrzehnten sichern die Irish Newspaper Archives zusammen mit ihrer Schwesterfirma MicroMedia Ltd ihre umfassende Zeitungssammlung auf Mikrofilm.<br \/>Mit dem Zeitalter der Digitalisierung, das neue M\u00f6glichkeiten der \u00f6ffentlichen Zug\u00e4nglichkeit bietet, hat sich die Online-Datenbank des Archivs zum gr\u00f6\u00dften digitalen Zeitungsarchiv in Irland entwickelt und bietet digitale Scans von derzeit 18 Titeln mit mehr als 9 Millionen Seiten \u00fcber einen Zeitraum von 245 Jahre hinweg an.<\/h5>\n\n\t\t<\/div>\n\t\t\t\t\n<style>\n#col-98009734 > .col-inner {\n  padding: 0px 40px 0px 35px;\n  margin: 0px 0px -6px 0px;\n}\n<\/style>\n\t<\/div>\n\n\t\n\n\t<div id=\"col-1758057687\" class=\"col medium-12 small-12 large-8\"  >\n\t\t\t\t<div class=\"col-inner\"  >\n\t\t\t\n\t\t\t\n\n\t<div class=\"img has-hover x md-x lg-x y md-y lg-y\" id=\"image_676397459\">\n\t\t\t\t\t\t\t\t<div class=\"img-inner dark\" >\n\t\t\t<img loading=\"lazy\" decoding=\"async\" width=\"1020\" height=\"682\" src=\"https:\/\/book2net.net\/wp-content\/uploads\/2021\/02\/CS-Irland-Hornet-Flash-DE-1196x800.jpg\" class=\"attachment-large size-large\" alt=\"Zeitungsb\u00e4nde im Irish Newspaper Archives\" srcset=\"https:\/\/book2net.net\/wp-content\/uploads\/2021\/02\/CS-Irland-Hornet-Flash-DE-1196x800.jpg 1196w, https:\/\/book2net.net\/wp-content\/uploads\/2021\/02\/CS-Irland-Hornet-Flash-DE-598x400.jpg 598w, https:\/\/book2net.net\/wp-content\/uploads\/2021\/02\/CS-Irland-Hornet-Flash-DE-768x514.jpg 768w, https:\/\/book2net.net\/wp-content\/uploads\/2021\/02\/CS-Irland-Hornet-Flash-DE.jpg 1423w\" sizes=\"auto, (max-width: 1020px) 100vw, 1020px\" \/>\t\t\t\t\t\t\n\t\t\t\t\t<\/div>\n\t\t\t\t\t\t\t\t\n<style>\n#image_676397459 {\n  width: 100%;\n}\n<\/style>\n\t<\/div>\n\t\n\n\t<div id=\"gap-1972300055\" class=\"gap-element clearfix\" style=\"display:block; height:auto;\">\n\t\t\n<style>\n#gap-1972300055 {\n  padding-top: 50px;\n}\n<\/style>\n\t<\/div>\n\t\n\n\n\t\t<\/div>\n\t\t\t\t\t<\/div>\n\n\t\n\n<\/div>\n\n\t\t<\/div>\n\t\t\t\t\n<style>\n#col-1187486331 > .col-inner {\n  margin: 0px 0px -225px 0px;\n}\n<\/style>\n\t<\/div>\n\n\t\n\n<\/div>\n\n\t\t<\/div>\n\n\t\t\n<style>\n#section_82703057 {\n  padding-top: 80px;\n  padding-bottom: 80px;\n  background-color: rgb(150, 150, 150);\n}\n<\/style>\n\t<\/section>\n\t\n\n\t<section class=\"section\" id=\"section_823516091\">\n\t\t<div class=\"section-bg fill\" >\n\t\t\t\t\t\t\t\t\t\n\t\t\t\n\n\t\t<\/div>\n\n\t\t\n\n\t\t<div class=\"section-content relative\">\n\t\t\t\n\n<div class=\"row\"  id=\"row-2025078592\">\n\n\n\t<div id=\"col-516466227\" class=\"col medium-11 small-12 large-7\"  data-animate=\"fadeInUp\">\n\t\t\t\t<div class=\"col-inner box-shadow-2\" style=\"background-color:rgb(255,255,255);\" >\n\t\t\t\n\t\t\t\n\n\t<div id=\"text-4245539040\" class=\"text\">\n\t\t\n\n<h4>\u201cMit dem Flash A1 Scanner hat sich unsere Digitalisierungsproduktivit\u00e4t, gemessen an dem Gro\u00dfformatscanner, den wir vorher hatten, um 75% gesteigert.\u201d<\/h4>\n\t\t\n<style>\n#text-4245539040 {\n  font-size: 1.5rem;\n  line-height: 1.25;\n  text-align: center;\n}\n<\/style>\n\t<\/div>\n\t\n\t<div id=\"text-970709609\" class=\"text\">\n\t\t\n\n<p>Jonathan Martin<\/p>\n\t\t\n<style>\n#text-970709609 {\n  text-align: center;\n}\n<\/style>\n\t<\/div>\n\t\n\n\t\t<\/div>\n\t\t\t\t\n<style>\n#col-516466227 > .col-inner {\n  padding: 45px 45px 45px 45px;\n  margin: - 0px 0px 0px;\n}\n@media (min-width:550px) {\n  #col-516466227 > .col-inner {\n    margin: -100px 0px 0px 0px;\n  }\n}\n@media (min-width:850px) {\n  #col-516466227 > .col-inner {\n    margin: -200px 0px 0px 0px;\n  }\n}\n<\/style>\n\t<\/div>\n\n\t\n\n<\/div>\n<div class=\"container section-title-container\" ><h3 class=\"section-title section-title-normal\"><b><\/b><span class=\"section-title-main\" style=\"color:rgb(213, 28, 32);\">Die Irish National Archives in Zahlen<\/span><b><\/b><\/h3><\/div>\n\n<div class=\"row align-middle\"  id=\"row-1318954078\">\n\n\n\t<div id=\"col-1939449155\" class=\"col medium-7 small-12 large-3\"  >\n\t\t\t\t<div class=\"col-inner text-left box-shadow-2\"  >\n\t\t\t\n\t\t\t\n\n\n\t\t<div class=\"icon-box featured-box icon-box-left text-left\"  >\n\t\t\t\t<div class=\"icon-box-text last-reset\">\n\t\t\t\t\t\t\t\t\t\n\n\t<div id=\"gap-634538284\" class=\"gap-element clearfix\" style=\"display:block; height:auto;\">\n\t\t\n<style>\n#gap-634538284 {\n  padding-top: 5px;\n}\n<\/style>\n\t<\/div>\n\t\n\n\t<div id=\"gap-1792488748\" class=\"gap-element clearfix\" style=\"display:block; height:auto;\">\n\t\t\n<style>\n#gap-1792488748 {\n  padding-top: 15px;\n}\n<\/style>\n\t<\/div>\n\t\n\n\t<div id=\"text-3386174929\" class=\"text\">\n\t\t\n\n<h6>300+ Jahre<\/h6>\n\t\t\n<style>\n#text-3386174929 {\n  font-size: 1.25rem;\n  text-align: center;\n}\n<\/style>\n\t<\/div>\n\t\n\n\t\t<\/div>\n\t<\/div>\n\t\n\t\n\t<div id=\"text-718934260\" class=\"text\">\n\t\t\n\n<p>irischer Geschichte<\/p>\n\t\t\n<style>\n#text-718934260 {\n  text-align: center;\n}\n<\/style>\n\t<\/div>\n\t\n\n\t\t<\/div>\n\t\t\t\t\t<\/div>\n\n\t\n\n\t<div id=\"col-1524493453\" class=\"col medium-8 small-12 large-1\"  >\n\t\t\t\t<div class=\"col-inner\"  >\n\t\t\t\n\t\t\t\n\n<div class=\"text-center\"><div class=\"is-divider divider clearfix\" style=\"max-width:60%;height:2px;background-color:rgb(41, 56, 71);\"><\/div><\/div>\n\n\n\t\t<\/div>\n\t\t\t\t\t<\/div>\n\n\t\n\n\t<div id=\"col-1092652403\" class=\"col medium-7 small-12 large-3\"  >\n\t\t\t\t<div class=\"col-inner box-shadow-2\"  >\n\t\t\t\n\t\t\t\n\n\n\t\t<div class=\"icon-box featured-box icon-box-left text-left\"  >\n\t\t\t\t<div class=\"icon-box-text last-reset\">\n\t\t\t\t\t\t\t\t\t\n\n\t<div id=\"gap-5126527\" class=\"gap-element clearfix\" style=\"display:block; height:auto;\">\n\t\t\n<style>\n#gap-5126527 {\n  padding-top: 5px;\n}\n<\/style>\n\t<\/div>\n\t\n\n\t<div id=\"gap-101886244\" class=\"gap-element clearfix\" style=\"display:block; height:auto;\">\n\t\t\n<style>\n#gap-101886244 {\n  padding-top: 15px;\n}\n<\/style>\n\t<\/div>\n\t\n\n\t<div id=\"text-2930266885\" class=\"text\">\n\t\t\n\n<h6>6 Millionen+<\/h6>\n\t\t\n<style>\n#text-2930266885 {\n  font-size: 1.25rem;\n  text-align: center;\n}\n<\/style>\n\t<\/div>\n\t\n\n\t\t<\/div>\n\t<\/div>\n\t\n\t\n\t<div id=\"text-2850648676\" class=\"text\">\n\t\t\n\n<p>Zeitungsseiten<\/p>\n\t\t\n<style>\n#text-2850648676 {\n  text-align: center;\n}\n<\/style>\n\t<\/div>\n\t\n\n\t\t<\/div>\n\t\t\t\t\t<\/div>\n\n\t\n\n\t<div id=\"col-1766600624\" class=\"col medium-8 small-12 large-1\"  >\n\t\t\t\t<div class=\"col-inner\"  >\n\t\t\t\n\t\t\t\n\n<div class=\"text-center\"><div class=\"is-divider divider clearfix\" style=\"max-width:60%;height:2px;background-color:rgb(41, 56, 71);\"><\/div><\/div>\n\n\n\t\t<\/div>\n\t\t\t\t\t<\/div>\n\n\t\n\n\t<div id=\"col-1433900389\" class=\"col medium-7 small-12 large-4\"  >\n\t\t\t\t<div class=\"col-inner box-shadow-2\"  >\n\t\t\t\n\t\t\t\n\n\n\t\t<div class=\"icon-box featured-box icon-box-left text-left\"  >\n\t\t\t\t<div class=\"icon-box-text last-reset\">\n\t\t\t\t\t\t\t\t\t\n\n\t<div id=\"gap-1052995311\" class=\"gap-element clearfix\" style=\"display:block; height:auto;\">\n\t\t\n<style>\n#gap-1052995311 {\n  padding-top: 5px;\n}\n<\/style>\n\t<\/div>\n\t\n\n\t<div id=\"gap-519826463\" class=\"gap-element clearfix\" style=\"display:block; height:auto;\">\n\t\t\n<style>\n#gap-519826463 {\n  padding-top: 15px;\n}\n<\/style>\n\t<\/div>\n\t\n\n\t<div id=\"text-1760709083\" class=\"text\">\n\t\t\n\n<h6>6.000<\/h6>\n\t\t\n<style>\n#text-1760709083 {\n  font-size: 1.25rem;\n  text-align: center;\n}\n<\/style>\n\t<\/div>\n\t\n\n\t\t<\/div>\n\t<\/div>\n\t\n\t\n\t<div id=\"text-3287085152\" class=\"text\">\n\t\t\n\n<p>digitlisierte Seiten pro Tag<\/p>\n\t\t\n<style>\n#text-3287085152 {\n  text-align: center;\n}\n<\/style>\n\t<\/div>\n\t\n\n\t\t<\/div>\n\t\t\t\t\t<\/div>\n\n\t\n\n<\/div>\n\n\t\t<\/div>\n\n\t\t\n<style>\n#section_823516091 {\n  padding-top: 30px;\n  padding-bottom: 30px;\n}\n<\/style>\n\t<\/section>\n\t\n\n\t<section class=\"section\" id=\"section_446167790\">\n\t\t<div class=\"section-bg fill\" >\n\t\t\t\t\t\t\t\t\t\n\t\t\t\n\n\t\t<\/div>\n\n\t\t\n\n\t\t<div class=\"section-content relative\">\n\t\t\t\n\n<div class=\"row row-collapse align-center\"  id=\"row-1593643504\">\n\n\n\t<div id=\"col-2138819546\" class=\"col medium-10 small-12 large-10\"  >\n\t\t\t\t<div class=\"col-inner text-center\"  >\n\t\t\t\n\t\t\t\n\n\t<div id=\"text-965239616\" class=\"text\">\n\t\t\n\n<h1>Projekthintergrund<\/h1>\n\t\t\n<style>\n#text-965239616 {\n  color: rgb(255,255,255);\n}\n#text-965239616 > * {\n  color: rgb(255,255,255);\n}\n<\/style>\n\t<\/div>\n\t\n\n\t\t<\/div>\n\t\t\t\t\n<style>\n#col-2138819546 > .col-inner {\n  padding: 50px 0px 50px 0px;\n}\n<\/style>\n\t<\/div>\n\n\t\n\n\t<div id=\"col-1159485589\" class=\"col medium-5 large-5\"  >\n\t\t\t\t<div class=\"col-inner text-left\"  >\n\t\t\t\n\t\t\t\n\n\t<div class=\"img has-hover x md-x lg-x y md-y lg-y\" id=\"image_795012095\">\n\t\t\t\t\t\t\t\t<div class=\"img-inner dark\" >\n\t\t\t<img loading=\"lazy\" decoding=\"async\" width=\"601\" height=\"800\" src=\"https:\/\/book2net.net\/wp-content\/uploads\/2021\/02\/CS-Irland-Hornet-Flash-DE_-601x800.jpg\" class=\"attachment-large size-large\" alt=\"book2net Flash A1 in den Irish Newspaper Archives\" srcset=\"https:\/\/book2net.net\/wp-content\/uploads\/2021\/02\/CS-Irland-Hornet-Flash-DE_-601x800.jpg 601w, https:\/\/book2net.net\/wp-content\/uploads\/2021\/02\/CS-Irland-Hornet-Flash-DE_-301x400.jpg 301w, https:\/\/book2net.net\/wp-content\/uploads\/2021\/02\/CS-Irland-Hornet-Flash-DE_.jpg 674w\" sizes=\"auto, (max-width: 601px) 100vw, 601px\" \/>\t\t\t\t\t\t\n\t\t\t\t\t<\/div>\n\t\t\t\t\t\t\t\t\n<style>\n#image_795012095 {\n  width: 100%;\n}\n<\/style>\n\t<\/div>\n\t\n\n\n\t\t<\/div>\n\t\t\t\t\n<style>\n#col-1159485589 > .col-inner {\n  padding: 0px 0px 0px 0px;\n  margin: 0px -9px -153px -15px;\n}\n<\/style>\n\t<\/div>\n\n\t\n\n\t<div id=\"col-434870772\" class=\"col medium-5 small-12 large-5\"  >\n\t\t\t\t<div class=\"col-inner\"  >\n\t\t\t\n\t\t\t\n\n\t<div id=\"text-3720047015\" class=\"text\">\n\t\t\n\n<p>Bereits seit Anfang der 1970er Jahre wurden von den Irish National Archives MICROBOX-Kameras bei der Verfilmung der Best\u00e4nde eingesetzt und haben sich dabei als au\u00dferordentlich zuverl\u00e4ssig und langlebig erwiesen. Eine Kamera war seit fast 30 Jahren im Einsatz und konnte von vergleichbaren neueren Produkten nicht \u00fcbertroffen werden. Sie wurde erst abgel\u00f6st, als in den fr\u00fchen 2000er Jahren zahlreiche Mikrofilmkameras durch Flachbettscanner ersetzt wurden. Heute nutzen die Irish National Archives wieder erfolgreich viele verschiedene book2net-Ger\u00e4te, von denen die neuesten die Gro\u00dfformatscanner Flash A1 und Hornet A0 sind.<\/p>\n\t\t\n<style>\n#text-3720047015 {\n  color: rgb(255,255,255);\n}\n#text-3720047015 > * {\n  color: rgb(255,255,255);\n}\n<\/style>\n\t<\/div>\n\t\n\t<div id=\"gap-1007836721\" class=\"gap-element clearfix\" style=\"display:block; height:auto;\">\n\t\t\n<style>\n#gap-1007836721 {\n  padding-top: 130px;\n}\n<\/style>\n\t<\/div>\n\t\n\n\n\t\t<\/div>\n\t\t\t\t\n<style>\n#col-434870772 > .col-inner {\n  margin: -4px 0px 68px 25px;\n}\n<\/style>\n\t<\/div>\n\n\t\n\n<\/div>\n\n\t\t<\/div>\n\n\t\t\n<style>\n#section_446167790 {\n  padding-top: 0px;\n  padding-bottom: 0px;\n  background-color: rgb(150, 150, 150);\n}\n<\/style>\n\t<\/section>\n\t\n\t<div id=\"gap-331551609\" class=\"gap-element clearfix\" style=\"display:block; height:auto;\">\n\t\t\n<style>\n#gap-331551609 {\n  padding-top: 30px;\n}\n<\/style>\n\t<\/div>\n\t\n\n\t<div id=\"gap-1711559681\" class=\"gap-element clearfix\" style=\"display:block; height:auto;\">\n\t\t\n<style>\n#gap-1711559681 {\n  padding-top: 30px;\n}\n<\/style>\n\t<\/div>\n\t\n\n<div class=\"container section-title-container\" ><h3 class=\"section-title section-title-normal\"><b><\/b><span class=\"section-title-main\" style=\"color:rgb(213, 28, 32);\">book2net aktion<\/span><b><\/b><\/h3><\/div>\n\n<p>Um eine h\u00f6here Produktivit\u00e4t bei der Durchf\u00fchrung ihrer Bestandsdigitalisierung zu erzielen und gleichzeitig h\u00f6chste Qualit\u00e4t und Bedienungsfreundlichkeit zu gew\u00e4hrleisten, suchten die Irish Newspaper Archives nach geeigneten Gro\u00dfformatscannern. Book2net konnte diese Anforderungen mit dem Flash A1 bestens erf\u00fcllen, das zeitsparende doppelseitige Scans bis zum Format DIN A2, erm\u00f6glicht. Aber auch Scans einzelner DIN A1-Seiten k\u00f6nnen von der effizienten Software ganz einfach automatisch zusammengef\u00fcgt werden.\u00a0<\/p>\n<p><strong>Upgrade mit book2net Hornet A0<\/strong><br \/>Nach dem erfolgreichen Einsatz unseres A1 Systems, entschloss sich die Archivleitung, zus\u00e4tzlich ein A0 System zu erwerben. Neben der erweiterten Formatoption, die nun die doppelseitige Aufnahme von Formaten bis DIN A1 zul\u00e4sst, verbessert die duale Sensortechnologie der book2net Hornet auch signifikant die Bildqualit\u00e4t.<\/p>\n\n\t<section class=\"section\" id=\"section_1554977179\">\n\t\t<div class=\"section-bg fill\" >\n\t\t\t\t\t\t\t\t\t\n\t\t\t\n\n\t\t<\/div>\n\n\t\t\n\n\t\t<div class=\"section-content relative\">\n\t\t\t\n\n<div class=\"row\"  id=\"row-1287303047\">\n\n\n\t<div id=\"col-1802310506\" class=\"col small-12 large-12\"  >\n\t\t\t\t<div class=\"col-inner\"  >\n\t\t\t\n\t\t\t\n\n<div class=\"row\"  id=\"row-337693344\">\n\n\n\t<div id=\"col-714223285\" class=\"col medium-12 small-12 large-9\"  >\n\t\t\t\t<div class=\"col-inner\"  >\n\t\t\t\n\t\t\t\n\n\n  <div class=\"banner has-hover\" id=\"banner-163637410\">\n          <div class=\"banner-inner fill\">\n        <div class=\"banner-bg fill\" >\n            <img loading=\"lazy\" decoding=\"async\" width=\"800\" height=\"700\" src=\"https:\/\/book2net.net\/wp-content\/uploads\/2024\/06\/Flash.jpg\" class=\"bg attachment-original size-original\" alt=\"\" \/>                                    \n                    <\/div>\n\t\t\n        <div class=\"banner-layers container\">\n            <div class=\"fill banner-link\"><\/div>            \n\n\n        <\/div>\n      <\/div>\n\n            \n<style>\n#banner-163637410 {\n  padding-top: 250px;\n  background-color: rgb(255,255,255);\n}\n#banner-163637410 .banner-bg img {\n  object-position: 95% 15%;\n}\n@media (min-width:550px) {\n  #banner-163637410 {\n    padding-top: 450px;\n  }\n}\n@media (min-width:850px) {\n  #banner-163637410 {\n    padding-top: 61.51%;\n  }\n}\n<\/style>\n  <\/div>\n\n\n\n\t\t<\/div>\n\t\t\t\t\n<style>\n#col-714223285 > .col-inner {\n  padding: 0px 80px 0px 0px;\n  margin: 0px 0px -30px 0px;\n}\n@media (min-width:850px) {\n  #col-714223285 > .col-inner {\n    margin: 50px 0px 0px 0px;\n  }\n}\n<\/style>\n\t<\/div>\n\n\t\n\n<\/div>\n<div class=\"row align-right\"  id=\"row-724033039\">\n\n\n\t<div id=\"col-1997266485\" class=\"col medium-12 small-12 large-6\"  data-animate=\"fadeInRight\">\n\t\t\t\t<div class=\"col-inner dark\" style=\"background-color:rgb(150, 150, 150);\" >\n\t\t\t\n\t\t\t\n\n\t<div id=\"text-2157349536\" class=\"text\">\n\t\t\n\n<h3>Ergebnisse<\/h3>\n\t\t\n<style>\n#text-2157349536 {\n  font-size: 1.5rem;\n}\n<\/style>\n\t<\/div>\n\t\n<p>Bei der Massendigitalisierung alter, volumin\u00f6ser Zeitungsbest\u00e4nde sind hohe Produktivit\u00e4t bei gleichzeitig sorgf\u00e4ltiger Handhabung sowie die Gew\u00e4hrleistung einer konstanten Bildqualit\u00e4t f\u00fcr die weitere Nutzung der Daten im Online-Archiv die wichtigsten Schl\u00fcsselfaktoren. Diese Anforderungen werden mit dem Einsatz unserer beiden book2net Gro\u00dfformatscanner Flash A1 und Hornet A0 bestens erf\u00fcllt. So konnte die Scanrate f\u00fcr Zeitungen im DIN A1 Format aufgrund der schnelleren beidseitigen Erfassung verdoppelt werden.<\/p>\n<a href=\"https:\/\/book2net.net\/de\/produkte\/a1,archivscanner,buchscanner\/flash\/\" class=\"button primary is-outline\"  >\n\t\t<span>Zum Flash<\/span>\n\t<\/a>\n\n\n\n\t\t<\/div>\n\t\t\t\t\n<style>\n#col-1997266485 > .col-inner {\n  padding: 50px 50px 50px 50px;\n  margin: 0px 0px 0px 0px;\n}\n@media (min-width:850px) {\n  #col-1997266485 > .col-inner {\n    margin: -500px 0px 0px 0px;\n  }\n}\n<\/style>\n\t<\/div>\n\n\t\n\n<\/div>\n\n\t\t<\/div>\n\t\t\t\t\t<\/div>\n\n\t\n\n<\/div>\n\n\t\t<\/div>\n\n\t\t\n<style>\n#section_1554977179 {\n  padding-top: 30px;\n  padding-bottom: 30px;\n}\n<\/style>\n\t<\/section>\n\t\n<div class=\"container section-title-container\" ><h3 class=\"section-title section-title-normal\"><b><\/b><span class=\"section-title-main\" style=\"color:rgb(213, 28, 32);\">Weitere Case Studies<\/span><b><\/b><\/h3><\/div>\n\n\n  \n    <div class=\"row large-columns-3 medium-columns-1 small-columns-1 slider row-slider slider-nav-circle slider-nav-outside\"  data-flickity-options='{&quot;imagesLoaded&quot;: true, &quot;groupCells&quot;: &quot;100%&quot;, &quot;dragThreshold&quot; : 5, &quot;cellAlign&quot;: &quot;left&quot;,&quot;wrapAround&quot;: true,&quot;prevNextButtons&quot;: true,&quot;percentPosition&quot;: true,&quot;pageDots&quot;: false, &quot;rightToLeft&quot;: false, &quot;autoPlay&quot; : false}' >\n\n  <div class=\"col post-item\" data-animate=\"fadeInUp\">\n\t\t\t<div class=\"col-inner\">\n\t\t\t\t<div class=\"box box-push box-text-bottom box-blog-post has-hover\">\n            \t\t\t\t\t<div class=\"box-image\" >\n  \t\t\t\t\t\t<div class=\"image-cover\" style=\"padding-top:75%;\">\n\t\t\t\t\t\t\t<a href=\"https:\/\/book2net.net\/de\/2025\/06\/16\/archive-pro-und-flash-im-stadtarchiv-zwickau\/\" class=\"plain\" aria-label=\"Archive Pro und Flash im Stadtarchiv Zwickau\">\n\t\t\t\t\t\t\t\t<img loading=\"lazy\" decoding=\"async\" width=\"711\" height=\"400\" src=\"https:\/\/book2net.net\/wp-content\/uploads\/2025\/06\/csm____Stadtarchiv_Zwickau_Redaktion_651b63b5c2-711x400.jpg\" class=\"attachment-medium size-medium wp-post-image\" alt=\"\" srcset=\"https:\/\/book2net.net\/wp-content\/uploads\/2025\/06\/csm____Stadtarchiv_Zwickau_Redaktion_651b63b5c2-711x400.jpg 711w, https:\/\/book2net.net\/wp-content\/uploads\/2025\/06\/csm____Stadtarchiv_Zwickau_Redaktion_651b63b5c2-768x432.jpg 768w, https:\/\/book2net.net\/wp-content\/uploads\/2025\/06\/csm____Stadtarchiv_Zwickau_Redaktion_651b63b5c2.jpg 980w\" sizes=\"auto, (max-width: 711px) 100vw, 711px\" \/>\t\t\t\t\t\t\t<\/a>\n  \t\t\t\t\t\t\t  \t\t\t\t\t\t\t  \t\t\t\t\t\t<\/div>\n  \t\t\t\t\t\t  \t\t\t\t\t<\/div>\n          \t\t\t\t\t<div class=\"box-text text-center\" >\n\t\t\t\t\t<div class=\"box-text-inner blog-post-inner\">\n\n\t\t\t\t\t\n\t\t\t\t\t\t\t\t\t\t<h5 class=\"post-title is-large \">\n\t\t\t\t\t\t<a href=\"https:\/\/book2net.net\/de\/2025\/06\/16\/archive-pro-und-flash-im-stadtarchiv-zwickau\/\" class=\"plain\">Archive Pro und Flash im Stadtarchiv Zwickau<\/a>\n\t\t\t\t\t<\/h5>\n\t\t\t\t\t\t\t\t\t\t<div class=\"is-divider\"><\/div>\n\t\t\t\t\t                    \n\t\t\t\t\t\t\t\t\t\t\t<a href=\"https:\/\/book2net.net\/de\/2025\/06\/16\/archive-pro-und-flash-im-stadtarchiv-zwickau\/\" class=\"button primary is-outline is-small mb-0\">\n\t\t\t\t\t\t\tweiter lesen\t\t\t\t\t\t<\/a>\n\t\t\t\t\t\n\t\t\t\t\t\n\t\t\t\t\t<\/div>\n\t\t\t\t\t<\/div>\n\t\t\t\t\t\t\t\t\t<\/div>\n\t\t\t<\/div>\n\t\t<\/div><div class=\"col post-item\" data-animate=\"fadeInUp\">\n\t\t\t<div class=\"col-inner\">\n\t\t\t\t<div class=\"box box-push box-text-bottom box-blog-post has-hover\">\n            \t\t\t\t\t<div class=\"box-image\" >\n  \t\t\t\t\t\t<div class=\"image-cover\" style=\"padding-top:75%;\">\n\t\t\t\t\t\t\t<a href=\"https:\/\/book2net.net\/de\/2024\/07\/04\/dragon-fuer-die-thulb-jena\/\" class=\"plain\" aria-label=\"Dragon f\u00fcr die ThULB Jena\">\n\t\t\t\t\t\t\t\t<img loading=\"lazy\" decoding=\"async\" width=\"602\" height=\"400\" src=\"https:\/\/book2net.net\/wp-content\/uploads\/2024\/07\/ThULB_gnther-602x400.png\" class=\"attachment-medium size-medium wp-post-image\" alt=\"\" srcset=\"https:\/\/book2net.net\/wp-content\/uploads\/2024\/07\/ThULB_gnther-602x400.png 602w, https:\/\/book2net.net\/wp-content\/uploads\/2024\/07\/ThULB_gnther-1204x800.png 1204w, https:\/\/book2net.net\/wp-content\/uploads\/2024\/07\/ThULB_gnther-768x510.png 768w, https:\/\/book2net.net\/wp-content\/uploads\/2024\/07\/ThULB_gnther-1536x1020.png 1536w, https:\/\/book2net.net\/wp-content\/uploads\/2024\/07\/ThULB_gnther-2048x1360.png 2048w\" sizes=\"auto, (max-width: 602px) 100vw, 602px\" \/>\t\t\t\t\t\t\t<\/a>\n  \t\t\t\t\t\t\t  \t\t\t\t\t\t\t  \t\t\t\t\t\t<\/div>\n  \t\t\t\t\t\t  \t\t\t\t\t<\/div>\n          \t\t\t\t\t<div class=\"box-text text-center\" >\n\t\t\t\t\t<div class=\"box-text-inner blog-post-inner\">\n\n\t\t\t\t\t\n\t\t\t\t\t\t\t\t\t\t<h5 class=\"post-title is-large \">\n\t\t\t\t\t\t<a href=\"https:\/\/book2net.net\/de\/2024\/07\/04\/dragon-fuer-die-thulb-jena\/\" class=\"plain\">Dragon f\u00fcr die ThULB Jena<\/a>\n\t\t\t\t\t<\/h5>\n\t\t\t\t\t\t\t\t\t\t<div class=\"is-divider\"><\/div>\n\t\t\t\t\t                    \n\t\t\t\t\t\t\t\t\t\t\t<a href=\"https:\/\/book2net.net\/de\/2024\/07\/04\/dragon-fuer-die-thulb-jena\/\" class=\"button primary is-outline is-small mb-0\">\n\t\t\t\t\t\t\tweiter lesen\t\t\t\t\t\t<\/a>\n\t\t\t\t\t\n\t\t\t\t\t\n\t\t\t\t\t<\/div>\n\t\t\t\t\t<\/div>\n\t\t\t\t\t\t\t\t\t<\/div>\n\t\t\t<\/div>\n\t\t<\/div><div class=\"col post-item\" data-animate=\"fadeInUp\">\n\t\t\t<div class=\"col-inner\">\n\t\t\t\t<div class=\"box box-push box-text-bottom box-blog-post has-hover\">\n            \t\t\t\t\t<div class=\"box-image\" >\n  \t\t\t\t\t\t<div class=\"image-cover\" style=\"padding-top:75%;\">\n\t\t\t\t\t\t\t<a href=\"https:\/\/book2net.net\/de\/2024\/06\/27\/die-klassik-stiftung-weimar\/\" class=\"plain\" aria-label=\"Goethe Multispektral\">\n\t\t\t\t\t\t\t\t<img loading=\"lazy\" decoding=\"async\" width=\"710\" height=\"400\" src=\"https:\/\/book2net.net\/wp-content\/uploads\/2024\/06\/klassikstiftung-weimar-2_16x9-1-710x400.webp\" class=\"attachment-medium size-medium wp-post-image\" alt=\"klassikstiftung-weimar\" srcset=\"https:\/\/book2net.net\/wp-content\/uploads\/2024\/06\/klassikstiftung-weimar-2_16x9-1-710x400.webp 710w, https:\/\/book2net.net\/wp-content\/uploads\/2024\/06\/klassikstiftung-weimar-2_16x9-1-1400x788.webp 1400w, https:\/\/book2net.net\/wp-content\/uploads\/2024\/06\/klassikstiftung-weimar-2_16x9-1-768x433.webp 768w, https:\/\/book2net.net\/wp-content\/uploads\/2024\/06\/klassikstiftung-weimar-2_16x9-1-1536x865.webp 1536w, https:\/\/book2net.net\/wp-content\/uploads\/2024\/06\/klassikstiftung-weimar-2_16x9-1-2048x1153.webp 2048w\" sizes=\"auto, (max-width: 710px) 100vw, 710px\" \/>\t\t\t\t\t\t\t<\/a>\n  \t\t\t\t\t\t\t  \t\t\t\t\t\t\t  \t\t\t\t\t\t<\/div>\n  \t\t\t\t\t\t  \t\t\t\t\t<\/div>\n          \t\t\t\t\t<div class=\"box-text text-center\" >\n\t\t\t\t\t<div class=\"box-text-inner blog-post-inner\">\n\n\t\t\t\t\t\n\t\t\t\t\t\t\t\t\t\t<h5 class=\"post-title is-large \">\n\t\t\t\t\t\t<a href=\"https:\/\/book2net.net\/de\/2024\/06\/27\/die-klassik-stiftung-weimar\/\" class=\"plain\">Goethe Multispektral<\/a>\n\t\t\t\t\t<\/h5>\n\t\t\t\t\t\t\t\t\t\t<div class=\"is-divider\"><\/div>\n\t\t\t\t\t                    \n\t\t\t\t\t\t\t\t\t\t\t<a href=\"https:\/\/book2net.net\/de\/2024\/06\/27\/die-klassik-stiftung-weimar\/\" class=\"button primary is-outline is-small mb-0\">\n\t\t\t\t\t\t\tweiter lesen\t\t\t\t\t\t<\/a>\n\t\t\t\t\t\n\t\t\t\t\t\n\t\t\t\t\t<\/div>\n\t\t\t\t\t<\/div>\n\t\t\t\t\t\t\t\t\t<\/div>\n\t\t\t<\/div>\n\t\t<\/div><div class=\"col post-item\" data-animate=\"fadeInUp\">\n\t\t\t<div class=\"col-inner\">\n\t\t\t\t<div class=\"box box-push box-text-bottom box-blog-post has-hover\">\n            \t\t\t\t\t<div class=\"box-image\" >\n  \t\t\t\t\t\t<div class=\"image-cover\" style=\"padding-top:75%;\">\n\t\t\t\t\t\t\t<a href=\"https:\/\/book2net.net\/de\/2024\/04\/25\/gutenberg-bibel-mainz\/\" class=\"plain\" aria-label=\"Gutenberg-Bibel Mainz\">\n\t\t\t\t\t\t\t\t<img loading=\"lazy\" decoding=\"async\" width=\"533\" height=\"400\" src=\"https:\/\/book2net.net\/wp-content\/uploads\/2024\/04\/Gutenberg-Museum-Tresor-scaled-1-533x400.jpeg\" class=\"attachment-medium size-medium wp-post-image\" alt=\"\" srcset=\"https:\/\/book2net.net\/wp-content\/uploads\/2024\/04\/Gutenberg-Museum-Tresor-scaled-1-533x400.jpeg 533w, https:\/\/book2net.net\/wp-content\/uploads\/2024\/04\/Gutenberg-Museum-Tresor-scaled-1-1067x800.jpeg 1067w, https:\/\/book2net.net\/wp-content\/uploads\/2024\/04\/Gutenberg-Museum-Tresor-scaled-1-768x576.jpeg 768w, https:\/\/book2net.net\/wp-content\/uploads\/2024\/04\/Gutenberg-Museum-Tresor-scaled-1-1536x1152.jpeg 1536w, https:\/\/book2net.net\/wp-content\/uploads\/2024\/04\/Gutenberg-Museum-Tresor-scaled-1-2048x1536.jpeg 2048w\" sizes=\"auto, (max-width: 533px) 100vw, 533px\" \/>\t\t\t\t\t\t\t<\/a>\n  \t\t\t\t\t\t\t  \t\t\t\t\t\t\t  \t\t\t\t\t\t<\/div>\n  \t\t\t\t\t\t  \t\t\t\t\t<\/div>\n          \t\t\t\t\t<div class=\"box-text text-center\" >\n\t\t\t\t\t<div class=\"box-text-inner blog-post-inner\">\n\n\t\t\t\t\t\n\t\t\t\t\t\t\t\t\t\t<h5 class=\"post-title is-large \">\n\t\t\t\t\t\t<a href=\"https:\/\/book2net.net\/de\/2024\/04\/25\/gutenberg-bibel-mainz\/\" class=\"plain\">Gutenberg-Bibel Mainz<\/a>\n\t\t\t\t\t<\/h5>\n\t\t\t\t\t\t\t\t\t\t<div class=\"is-divider\"><\/div>\n\t\t\t\t\t                    \n\t\t\t\t\t\t\t\t\t\t\t<a href=\"https:\/\/book2net.net\/de\/2024\/04\/25\/gutenberg-bibel-mainz\/\" class=\"button primary is-outline is-small mb-0\">\n\t\t\t\t\t\t\tweiter lesen\t\t\t\t\t\t<\/a>\n\t\t\t\t\t\n\t\t\t\t\t\n\t\t\t\t\t<\/div>\n\t\t\t\t\t<\/div>\n\t\t\t\t\t\t\t\t\t<\/div>\n\t\t\t<\/div>\n\t\t<\/div><div class=\"col post-item\" data-animate=\"fadeInUp\">\n\t\t\t<div class=\"col-inner\">\n\t\t\t\t<div class=\"box box-push box-text-bottom box-blog-post has-hover\">\n            \t\t\t\t\t<div class=\"box-image\" >\n  \t\t\t\t\t\t<div class=\"image-cover\" style=\"padding-top:75%;\">\n\t\t\t\t\t\t\t<a href=\"https:\/\/book2net.net\/de\/2024\/04\/25\/projekt-mittelalterliche-handschriften\/\" class=\"plain\" aria-label=\"Projekt mittelalterliche Handschriften\">\n\t\t\t\t\t\t\t\t<img loading=\"lazy\" decoding=\"async\" width=\"711\" height=\"400\" src=\"https:\/\/book2net.net\/wp-content\/uploads\/2024\/05\/Digitalisierung-des-Chorbuches-der-Karmeliter-aus-dem-Dommuseum-Mainz-Signatur-B-330-C-CCO.-\u00a9-D.-Ghemires-711x400.jpg\" class=\"attachment-medium size-medium wp-post-image\" alt=\"\" srcset=\"https:\/\/book2net.net\/wp-content\/uploads\/2024\/05\/Digitalisierung-des-Chorbuches-der-Karmeliter-aus-dem-Dommuseum-Mainz-Signatur-B-330-C-CCO.-\u00a9-D.-Ghemires-711x400.jpg 711w, https:\/\/book2net.net\/wp-content\/uploads\/2024\/05\/Digitalisierung-des-Chorbuches-der-Karmeliter-aus-dem-Dommuseum-Mainz-Signatur-B-330-C-CCO.-\u00a9-D.-Ghemires-1400x787.jpg 1400w, https:\/\/book2net.net\/wp-content\/uploads\/2024\/05\/Digitalisierung-des-Chorbuches-der-Karmeliter-aus-dem-Dommuseum-Mainz-Signatur-B-330-C-CCO.-\u00a9-D.-Ghemires-768x432.jpg 768w, https:\/\/book2net.net\/wp-content\/uploads\/2024\/05\/Digitalisierung-des-Chorbuches-der-Karmeliter-aus-dem-Dommuseum-Mainz-Signatur-B-330-C-CCO.-\u00a9-D.-Ghemires-1536x864.jpg 1536w, https:\/\/book2net.net\/wp-content\/uploads\/2024\/05\/Digitalisierung-des-Chorbuches-der-Karmeliter-aus-dem-Dommuseum-Mainz-Signatur-B-330-C-CCO.-\u00a9-D.-Ghemires-2048x1152.jpg 2048w\" sizes=\"auto, (max-width: 711px) 100vw, 711px\" \/>\t\t\t\t\t\t\t<\/a>\n  \t\t\t\t\t\t\t  \t\t\t\t\t\t\t  \t\t\t\t\t\t<\/div>\n  \t\t\t\t\t\t  \t\t\t\t\t<\/div>\n          \t\t\t\t\t<div class=\"box-text text-center\" >\n\t\t\t\t\t<div class=\"box-text-inner blog-post-inner\">\n\n\t\t\t\t\t\n\t\t\t\t\t\t\t\t\t\t<h5 class=\"post-title is-large \">\n\t\t\t\t\t\t<a href=\"https:\/\/book2net.net\/de\/2024\/04\/25\/projekt-mittelalterliche-handschriften\/\" class=\"plain\">Projekt mittelalterliche Handschriften<\/a>\n\t\t\t\t\t<\/h5>\n\t\t\t\t\t\t\t\t\t\t<div class=\"is-divider\"><\/div>\n\t\t\t\t\t                    \n\t\t\t\t\t\t\t\t\t\t\t<a href=\"https:\/\/book2net.net\/de\/2024\/04\/25\/projekt-mittelalterliche-handschriften\/\" class=\"button primary is-outline is-small mb-0\">\n\t\t\t\t\t\t\tweiter lesen\t\t\t\t\t\t<\/a>\n\t\t\t\t\t\n\t\t\t\t\t\n\t\t\t\t\t<\/div>\n\t\t\t\t\t<\/div>\n\t\t\t\t\t\t\t\t\t<\/div>\n\t\t\t<\/div>\n\t\t<\/div><div class=\"col post-item\" data-animate=\"fadeInUp\">\n\t\t\t<div class=\"col-inner\">\n\t\t\t\t<div class=\"box box-push box-text-bottom box-blog-post has-hover\">\n            \t\t\t\t\t<div class=\"box-image\" >\n  \t\t\t\t\t\t<div class=\"image-cover\" style=\"padding-top:75%;\">\n\t\t\t\t\t\t\t<a href=\"https:\/\/book2net.net\/de\/2023\/06\/29\/kulturgutsicherung-im-historischen-archiv-der-stadt-koeln\/\" class=\"plain\" aria-label=\"Kulturgutsicherung im Historischen Archiv der Stadt K\u00f6ln\">\n\t\t\t\t\t\t\t\t<img loading=\"lazy\" decoding=\"async\" width=\"711\" height=\"400\" src=\"https:\/\/book2net.net\/wp-content\/uploads\/2023\/06\/rba_d056253_39_mit-Untertiteln-Kopie-711x400.jpg\" class=\"attachment-medium size-medium wp-post-image\" alt=\"Historisches Archiv der Stadt K\u00f6ln - Neubau Au\u00dfenansicht\" srcset=\"https:\/\/book2net.net\/wp-content\/uploads\/2023\/06\/rba_d056253_39_mit-Untertiteln-Kopie-711x400.jpg 711w, https:\/\/book2net.net\/wp-content\/uploads\/2023\/06\/rba_d056253_39_mit-Untertiteln-Kopie-768x432.jpg 768w, https:\/\/book2net.net\/wp-content\/uploads\/2023\/06\/rba_d056253_39_mit-Untertiteln-Kopie.jpg 1200w\" sizes=\"auto, (max-width: 711px) 100vw, 711px\" \/>\t\t\t\t\t\t\t<\/a>\n  \t\t\t\t\t\t\t  \t\t\t\t\t\t\t  \t\t\t\t\t\t<\/div>\n  \t\t\t\t\t\t  \t\t\t\t\t<\/div>\n          \t\t\t\t\t<div class=\"box-text text-center\" >\n\t\t\t\t\t<div class=\"box-text-inner blog-post-inner\">\n\n\t\t\t\t\t\n\t\t\t\t\t\t\t\t\t\t<h5 class=\"post-title is-large \">\n\t\t\t\t\t\t<a href=\"https:\/\/book2net.net\/de\/2023\/06\/29\/kulturgutsicherung-im-historischen-archiv-der-stadt-koeln\/\" class=\"plain\">Kulturgutsicherung im Historischen Archiv der Stadt K\u00f6ln<\/a>\n\t\t\t\t\t<\/h5>\n\t\t\t\t\t\t\t\t\t\t<div class=\"is-divider\"><\/div>\n\t\t\t\t\t                    \n\t\t\t\t\t\t\t\t\t\t\t<a href=\"https:\/\/book2net.net\/de\/2023\/06\/29\/kulturgutsicherung-im-historischen-archiv-der-stadt-koeln\/\" class=\"button primary is-outline is-small mb-0\">\n\t\t\t\t\t\t\tweiter lesen\t\t\t\t\t\t<\/a>\n\t\t\t\t\t\n\t\t\t\t\t\n\t\t\t\t\t<\/div>\n\t\t\t\t\t<\/div>\n\t\t\t\t\t\t\t\t\t<\/div>\n\t\t\t<\/div>\n\t\t<\/div><div class=\"col post-item\" data-animate=\"fadeInUp\">\n\t\t\t<div class=\"col-inner\">\n\t\t\t\t<div class=\"box box-push box-text-bottom box-blog-post has-hover\">\n            \t\t\t\t\t<div class=\"box-image\" >\n  \t\t\t\t\t\t<div class=\"image-cover\" style=\"padding-top:75%;\">\n\t\t\t\t\t\t\t<a href=\"https:\/\/book2net.net\/de\/2023\/01\/04\/cobra-a2-in-der-fondation-martin-bodmer\/\" class=\"plain\" aria-label=\"Cobra A2 in der Fondation Martin Bodmer\">\n\t\t\t\t\t\t\t\t<img loading=\"lazy\" decoding=\"async\" width=\"800\" height=\"350\" src=\"https:\/\/book2net.net\/wp-content\/uploads\/2023\/01\/bandeau_Fondation_Martin_Bodmer-Kopie-800x350.jpg\" class=\"attachment-medium size-medium wp-post-image\" alt=\"\" srcset=\"https:\/\/book2net.net\/wp-content\/uploads\/2023\/01\/bandeau_Fondation_Martin_Bodmer-Kopie-800x350.jpg 800w, https:\/\/book2net.net\/wp-content\/uploads\/2023\/01\/bandeau_Fondation_Martin_Bodmer-Kopie-1400x613.jpg 1400w, https:\/\/book2net.net\/wp-content\/uploads\/2023\/01\/bandeau_Fondation_Martin_Bodmer-Kopie-768x336.jpg 768w, https:\/\/book2net.net\/wp-content\/uploads\/2023\/01\/bandeau_Fondation_Martin_Bodmer-Kopie-1536x672.jpg 1536w, https:\/\/book2net.net\/wp-content\/uploads\/2023\/01\/bandeau_Fondation_Martin_Bodmer-Kopie.jpg 1600w\" sizes=\"auto, (max-width: 800px) 100vw, 800px\" \/>\t\t\t\t\t\t\t<\/a>\n  \t\t\t\t\t\t\t  \t\t\t\t\t\t\t  \t\t\t\t\t\t<\/div>\n  \t\t\t\t\t\t  \t\t\t\t\t<\/div>\n          \t\t\t\t\t<div class=\"box-text text-center\" >\n\t\t\t\t\t<div class=\"box-text-inner blog-post-inner\">\n\n\t\t\t\t\t\n\t\t\t\t\t\t\t\t\t\t<h5 class=\"post-title is-large \">\n\t\t\t\t\t\t<a href=\"https:\/\/book2net.net\/de\/2023\/01\/04\/cobra-a2-in-der-fondation-martin-bodmer\/\" class=\"plain\">Cobra A2 in der Fondation Martin Bodmer<\/a>\n\t\t\t\t\t<\/h5>\n\t\t\t\t\t\t\t\t\t\t<div class=\"is-divider\"><\/div>\n\t\t\t\t\t                    \n\t\t\t\t\t\t\t\t\t\t\t<a href=\"https:\/\/book2net.net\/de\/2023\/01\/04\/cobra-a2-in-der-fondation-martin-bodmer\/\" class=\"button primary is-outline is-small mb-0\">\n\t\t\t\t\t\t\tweiter lesen\t\t\t\t\t\t<\/a>\n\t\t\t\t\t\n\t\t\t\t\t\n\t\t\t\t\t<\/div>\n\t\t\t\t\t<\/div>\n\t\t\t\t\t\t\t\t\t<\/div>\n\t\t\t<\/div>\n\t\t<\/div><div class=\"col post-item\" data-animate=\"fadeInUp\">\n\t\t\t<div class=\"col-inner\">\n\t\t\t\t<div class=\"box box-push box-text-bottom box-blog-post has-hover\">\n            \t\t\t\t\t<div class=\"box-image\" >\n  \t\t\t\t\t\t<div class=\"image-cover\" style=\"padding-top:75%;\">\n\t\t\t\t\t\t\t<a href=\"https:\/\/book2net.net\/de\/2022\/11\/24\/kooperation-mit-der-nationalbibliothek-von-usbekistan\/\" class=\"plain\" aria-label=\"Kooperation mit der Nationalbibliothek von Usbekistan\">\n\t\t\t\t\t\t\t\t<img loading=\"lazy\" decoding=\"async\" width=\"719\" height=\"400\" src=\"https:\/\/book2net.net\/wp-content\/uploads\/2022\/11\/Uzbekistan-National-library-named-after-Alisher-Navoi-719x400.jpg\" class=\"attachment-medium size-medium wp-post-image\" alt=\"\" srcset=\"https:\/\/book2net.net\/wp-content\/uploads\/2022\/11\/Uzbekistan-National-library-named-after-Alisher-Navoi-719x400.jpg 719w, https:\/\/book2net.net\/wp-content\/uploads\/2022\/11\/Uzbekistan-National-library-named-after-Alisher-Navoi-768x427.jpg 768w, https:\/\/book2net.net\/wp-content\/uploads\/2022\/11\/Uzbekistan-National-library-named-after-Alisher-Navoi.jpg 1280w\" sizes=\"auto, (max-width: 719px) 100vw, 719px\" \/>\t\t\t\t\t\t\t<\/a>\n  \t\t\t\t\t\t\t  \t\t\t\t\t\t\t  \t\t\t\t\t\t<\/div>\n  \t\t\t\t\t\t  \t\t\t\t\t<\/div>\n          \t\t\t\t\t<div class=\"box-text text-center\" >\n\t\t\t\t\t<div class=\"box-text-inner blog-post-inner\">\n\n\t\t\t\t\t\n\t\t\t\t\t\t\t\t\t\t<h5 class=\"post-title is-large \">\n\t\t\t\t\t\t<a href=\"https:\/\/book2net.net\/de\/2022\/11\/24\/kooperation-mit-der-nationalbibliothek-von-usbekistan\/\" class=\"plain\">Kooperation mit der Nationalbibliothek von Usbekistan<\/a>\n\t\t\t\t\t<\/h5>\n\t\t\t\t\t\t\t\t\t\t<div class=\"is-divider\"><\/div>\n\t\t\t\t\t                    \n\t\t\t\t\t\t\t\t\t\t\t<a href=\"https:\/\/book2net.net\/de\/2022\/11\/24\/kooperation-mit-der-nationalbibliothek-von-usbekistan\/\" class=\"button primary is-outline is-small mb-0\">\n\t\t\t\t\t\t\tweiter lesen\t\t\t\t\t\t<\/a>\n\t\t\t\t\t\n\t\t\t\t\t\n\t\t\t\t\t<\/div>\n\t\t\t\t\t<\/div>\n\t\t\t\t\t\t\t\t\t<\/div>\n\t\t\t<\/div>\n\t\t<\/div><div class=\"col post-item\" data-animate=\"fadeInUp\">\n\t\t\t<div class=\"col-inner\">\n\t\t\t\t<div class=\"box box-push box-text-bottom box-blog-post has-hover\">\n            \t\t\t\t\t<div class=\"box-image\" >\n  \t\t\t\t\t\t<div class=\"image-cover\" style=\"padding-top:75%;\">\n\t\t\t\t\t\t\t<a href=\"https:\/\/book2net.net\/de\/2022\/05\/10\/hybride-scansysteme-deutsches-bundesarchiv\/\" class=\"plain\" aria-label=\"Hybride Scansysteme f\u00fcr das Bundesarchiv\">\n\t\t\t\t\t\t\t\t<img loading=\"lazy\" decoding=\"async\" width=\"600\" height=\"400\" src=\"https:\/\/book2net.net\/wp-content\/uploads\/2022\/05\/koblenz-2016-600x400.jpg\" class=\"attachment-medium size-medium wp-post-image\" alt=\"\" srcset=\"https:\/\/book2net.net\/wp-content\/uploads\/2022\/05\/koblenz-2016-600x400.jpg 600w, https:\/\/book2net.net\/wp-content\/uploads\/2022\/05\/koblenz-2016.jpg 650w\" sizes=\"auto, (max-width: 600px) 100vw, 600px\" \/>\t\t\t\t\t\t\t<\/a>\n  \t\t\t\t\t\t\t  \t\t\t\t\t\t\t  \t\t\t\t\t\t<\/div>\n  \t\t\t\t\t\t  \t\t\t\t\t<\/div>\n          \t\t\t\t\t<div class=\"box-text text-center\" >\n\t\t\t\t\t<div class=\"box-text-inner blog-post-inner\">\n\n\t\t\t\t\t\n\t\t\t\t\t\t\t\t\t\t<h5 class=\"post-title is-large \">\n\t\t\t\t\t\t<a href=\"https:\/\/book2net.net\/de\/2022\/05\/10\/hybride-scansysteme-deutsches-bundesarchiv\/\" class=\"plain\">Hybride Scansysteme f\u00fcr das Bundesarchiv<\/a>\n\t\t\t\t\t<\/h5>\n\t\t\t\t\t\t\t\t\t\t<div class=\"is-divider\"><\/div>\n\t\t\t\t\t                    \n\t\t\t\t\t\t\t\t\t\t\t<a href=\"https:\/\/book2net.net\/de\/2022\/05\/10\/hybride-scansysteme-deutsches-bundesarchiv\/\" class=\"button primary is-outline is-small mb-0\">\n\t\t\t\t\t\t\tweiter lesen\t\t\t\t\t\t<\/a>\n\t\t\t\t\t\n\t\t\t\t\t\n\t\t\t\t\t<\/div>\n\t\t\t\t\t<\/div>\n\t\t\t\t\t\t\t\t\t<\/div>\n\t\t\t<\/div>\n\t\t<\/div><div class=\"col post-item\" data-animate=\"fadeInUp\">\n\t\t\t<div class=\"col-inner\">\n\t\t\t\t<div class=\"box box-push box-text-bottom box-blog-post has-hover\">\n            \t\t\t\t\t<div class=\"box-image\" >\n  \t\t\t\t\t\t<div class=\"image-cover\" style=\"padding-top:75%;\">\n\t\t\t\t\t\t\t<a href=\"https:\/\/book2net.net\/de\/2021\/06\/21\/a1-reprosystem-im-senckenberg\/\" class=\"plain\" aria-label=\"A1 Reprosystem im Senckenberg Naturmuseum\">\n\t\t\t\t\t\t\t\t<img loading=\"lazy\" decoding=\"async\" width=\"600\" height=\"400\" src=\"https:\/\/book2net.net\/wp-content\/uploads\/2021\/06\/Senckenberg-Museum-Frankfurt-1-600x400.jpg\" class=\"attachment-medium size-medium wp-post-image\" alt=\"\" srcset=\"https:\/\/book2net.net\/wp-content\/uploads\/2021\/06\/Senckenberg-Museum-Frankfurt-1-600x400.jpg 600w, https:\/\/book2net.net\/wp-content\/uploads\/2021\/06\/Senckenberg-Museum-Frankfurt-1-768x512.jpg 768w, https:\/\/book2net.net\/wp-content\/uploads\/2021\/06\/Senckenberg-Museum-Frankfurt-1.jpg 1195w\" sizes=\"auto, (max-width: 600px) 100vw, 600px\" \/>\t\t\t\t\t\t\t<\/a>\n  \t\t\t\t\t\t\t  \t\t\t\t\t\t\t  \t\t\t\t\t\t<\/div>\n  \t\t\t\t\t\t  \t\t\t\t\t<\/div>\n          \t\t\t\t\t<div class=\"box-text text-center\" >\n\t\t\t\t\t<div class=\"box-text-inner blog-post-inner\">\n\n\t\t\t\t\t\n\t\t\t\t\t\t\t\t\t\t<h5 class=\"post-title is-large \">\n\t\t\t\t\t\t<a href=\"https:\/\/book2net.net\/de\/2021\/06\/21\/a1-reprosystem-im-senckenberg\/\" class=\"plain\">A1 Reprosystem im Senckenberg Naturmuseum<\/a>\n\t\t\t\t\t<\/h5>\n\t\t\t\t\t\t\t\t\t\t<div class=\"is-divider\"><\/div>\n\t\t\t\t\t                    \n\t\t\t\t\t\t\t\t\t\t\t<a href=\"https:\/\/book2net.net\/de\/2021\/06\/21\/a1-reprosystem-im-senckenberg\/\" class=\"button primary is-outline is-small mb-0\">\n\t\t\t\t\t\t\tweiter lesen\t\t\t\t\t\t<\/a>\n\t\t\t\t\t\n\t\t\t\t\t\n\t\t\t\t\t<\/div>\n\t\t\t\t\t<\/div>\n\t\t\t\t\t\t\t\t\t<\/div>\n\t\t\t<\/div>\n\t\t<\/div><div class=\"col post-item\" data-animate=\"fadeInUp\">\n\t\t\t<div class=\"col-inner\">\n\t\t\t\t<div class=\"box box-push box-text-bottom box-blog-post has-hover\">\n            \t\t\t\t\t<div class=\"box-image\" >\n  \t\t\t\t\t\t<div class=\"image-cover\" style=\"padding-top:75%;\">\n\t\t\t\t\t\t\t<a href=\"https:\/\/book2net.net\/de\/2021\/06\/16\/falcons-fuer-das-usbekische-justizministerium\/\" class=\"plain\" aria-label=\"Falcons f\u00fcr das usbekische Justizministerium\">\n\t\t\t\t\t\t\t\t<img loading=\"lazy\" decoding=\"async\" width=\"422\" height=\"300\" src=\"https:\/\/book2net.net\/wp-content\/uploads\/2021\/06\/010101.jpg\" class=\"attachment-medium size-medium wp-post-image\" alt=\"Au\u00dfenansicht Usbekisches Justizministerium\" \/>\t\t\t\t\t\t\t<\/a>\n  \t\t\t\t\t\t\t  \t\t\t\t\t\t\t  \t\t\t\t\t\t<\/div>\n  \t\t\t\t\t\t  \t\t\t\t\t<\/div>\n          \t\t\t\t\t<div class=\"box-text text-center\" >\n\t\t\t\t\t<div class=\"box-text-inner blog-post-inner\">\n\n\t\t\t\t\t\n\t\t\t\t\t\t\t\t\t\t<h5 class=\"post-title is-large \">\n\t\t\t\t\t\t<a href=\"https:\/\/book2net.net\/de\/2021\/06\/16\/falcons-fuer-das-usbekische-justizministerium\/\" class=\"plain\">Falcons f\u00fcr das usbekische Justizministerium<\/a>\n\t\t\t\t\t<\/h5>\n\t\t\t\t\t\t\t\t\t\t<div class=\"is-divider\"><\/div>\n\t\t\t\t\t                    \n\t\t\t\t\t\t\t\t\t\t\t<a href=\"https:\/\/book2net.net\/de\/2021\/06\/16\/falcons-fuer-das-usbekische-justizministerium\/\" class=\"button primary is-outline is-small mb-0\">\n\t\t\t\t\t\t\tweiter lesen\t\t\t\t\t\t<\/a>\n\t\t\t\t\t\n\t\t\t\t\t\n\t\t\t\t\t<\/div>\n\t\t\t\t\t<\/div>\n\t\t\t\t\t\t\t\t\t<\/div>\n\t\t\t<\/div>\n\t\t<\/div><div class=\"col post-item\" data-animate=\"fadeInUp\">\n\t\t\t<div class=\"col-inner\">\n\t\t\t\t<div class=\"box box-push box-text-bottom box-blog-post has-hover\">\n            \t\t\t\t\t<div class=\"box-image\" >\n  \t\t\t\t\t\t<div class=\"image-cover\" style=\"padding-top:75%;\">\n\t\t\t\t\t\t\t<a href=\"https:\/\/book2net.net\/de\/2021\/03\/04\/installation-an-der-mohammed-bin-rashid-library-in-dubai\/\" class=\"plain\" aria-label=\"Installation an der Mohammed bin Rashid Library in Dubai\">\n\t\t\t\t\t\t\t\t<img loading=\"lazy\" decoding=\"async\" width=\"600\" height=\"400\" src=\"https:\/\/book2net.net\/wp-content\/uploads\/2021\/03\/NIZ7136-600x400.jpg\" class=\"attachment-medium size-medium wp-post-image\" alt=\"Au\u00dfenansicht Mohammed bin Rashid Library in Dubai\" srcset=\"https:\/\/book2net.net\/wp-content\/uploads\/2021\/03\/NIZ7136-600x400.jpg 600w, https:\/\/book2net.net\/wp-content\/uploads\/2021\/03\/NIZ7136-1200x800.jpg 1200w, https:\/\/book2net.net\/wp-content\/uploads\/2021\/03\/NIZ7136-768x512.jpg 768w, https:\/\/book2net.net\/wp-content\/uploads\/2021\/03\/NIZ7136.jpg 1280w\" sizes=\"auto, (max-width: 600px) 100vw, 600px\" \/>\t\t\t\t\t\t\t<\/a>\n  \t\t\t\t\t\t\t  \t\t\t\t\t\t\t  \t\t\t\t\t\t<\/div>\n  \t\t\t\t\t\t  \t\t\t\t\t<\/div>\n          \t\t\t\t\t<div class=\"box-text text-center\" >\n\t\t\t\t\t<div class=\"box-text-inner blog-post-inner\">\n\n\t\t\t\t\t\n\t\t\t\t\t\t\t\t\t\t<h5 class=\"post-title is-large \">\n\t\t\t\t\t\t<a href=\"https:\/\/book2net.net\/de\/2021\/03\/04\/installation-an-der-mohammed-bin-rashid-library-in-dubai\/\" class=\"plain\">Installation an der Mohammed bin Rashid Library in Dubai<\/a>\n\t\t\t\t\t<\/h5>\n\t\t\t\t\t\t\t\t\t\t<div class=\"is-divider\"><\/div>\n\t\t\t\t\t                    \n\t\t\t\t\t\t\t\t\t\t\t<a href=\"https:\/\/book2net.net\/de\/2021\/03\/04\/installation-an-der-mohammed-bin-rashid-library-in-dubai\/\" class=\"button primary is-outline is-small mb-0\">\n\t\t\t\t\t\t\tweiter lesen\t\t\t\t\t\t<\/a>\n\t\t\t\t\t\n\t\t\t\t\t\n\t\t\t\t\t<\/div>\n\t\t\t\t\t<\/div>\n\t\t\t\t\t\t\t\t\t<\/div>\n\t\t\t<\/div>\n\t\t<\/div><div class=\"col post-item\" data-animate=\"fadeInUp\">\n\t\t\t<div class=\"col-inner\">\n\t\t\t\t<div class=\"box box-push box-text-bottom box-blog-post has-hover\">\n            \t\t\t\t\t<div class=\"box-image\" >\n  \t\t\t\t\t\t<div class=\"image-cover\" style=\"padding-top:75%;\">\n\t\t\t\t\t\t\t<a href=\"https:\/\/book2net.net\/de\/2021\/02\/23\/reprosystem-a1-im-irish-architectural-archive\/\" class=\"plain\" aria-label=\"A1 Reprosystem im Irish Architectural Archive\">\n\t\t\t\t\t\t\t\t<img loading=\"lazy\" decoding=\"async\" width=\"566\" height=\"400\" src=\"https:\/\/book2net.net\/wp-content\/uploads\/2021\/02\/Geb_von-hinten-566x400.jpg\" class=\"attachment-medium size-medium wp-post-image\" alt=\"Irish Architectural Archive Au\u00dfenansicht R\u00fcckseite\" srcset=\"https:\/\/book2net.net\/wp-content\/uploads\/2021\/02\/Geb_von-hinten-566x400.jpg 566w, https:\/\/book2net.net\/wp-content\/uploads\/2021\/02\/Geb_von-hinten-1131x800.jpg 1131w, https:\/\/book2net.net\/wp-content\/uploads\/2021\/02\/Geb_von-hinten-768x543.jpg 768w, https:\/\/book2net.net\/wp-content\/uploads\/2021\/02\/Geb_von-hinten-1536x1086.jpg 1536w, https:\/\/book2net.net\/wp-content\/uploads\/2021\/02\/Geb_von-hinten.jpg 1920w\" sizes=\"auto, (max-width: 566px) 100vw, 566px\" \/>\t\t\t\t\t\t\t<\/a>\n  \t\t\t\t\t\t\t  \t\t\t\t\t\t\t  \t\t\t\t\t\t<\/div>\n  \t\t\t\t\t\t  \t\t\t\t\t<\/div>\n          \t\t\t\t\t<div class=\"box-text text-center\" >\n\t\t\t\t\t<div class=\"box-text-inner blog-post-inner\">\n\n\t\t\t\t\t\n\t\t\t\t\t\t\t\t\t\t<h5 class=\"post-title is-large \">\n\t\t\t\t\t\t<a href=\"https:\/\/book2net.net\/de\/2021\/02\/23\/reprosystem-a1-im-irish-architectural-archive\/\" class=\"plain\">A1 Reprosystem im Irish Architectural Archive<\/a>\n\t\t\t\t\t<\/h5>\n\t\t\t\t\t\t\t\t\t\t<div class=\"is-divider\"><\/div>\n\t\t\t\t\t                    \n\t\t\t\t\t\t\t\t\t\t\t<a href=\"https:\/\/book2net.net\/de\/2021\/02\/23\/reprosystem-a1-im-irish-architectural-archive\/\" class=\"button primary is-outline is-small mb-0\">\n\t\t\t\t\t\t\tweiter lesen\t\t\t\t\t\t<\/a>\n\t\t\t\t\t\n\t\t\t\t\t\n\t\t\t\t\t<\/div>\n\t\t\t\t\t<\/div>\n\t\t\t\t\t\t\t\t\t<\/div>\n\t\t\t<\/div>\n\t\t<\/div><div class=\"col post-item\" data-animate=\"fadeInUp\">\n\t\t\t<div class=\"col-inner\">\n\t\t\t\t<div class=\"box box-push box-text-bottom box-blog-post has-hover\">\n            \t\t\t\t\t<div class=\"box-image\" >\n  \t\t\t\t\t\t<div class=\"image-cover\" style=\"padding-top:75%;\">\n\t\t\t\t\t\t\t<a href=\"https:\/\/book2net.net\/de\/2021\/02\/23\/archive-pro-im-hessischen-hauptstaatsarchiv\/\" class=\"plain\" aria-label=\"Archive Pro im Hessischen Hauptstaatsarchiv\">\n\t\t\t\t\t\t\t\t<img loading=\"lazy\" decoding=\"async\" width=\"648\" height=\"400\" src=\"https:\/\/book2net.net\/wp-content\/uploads\/2021\/02\/dok719-1hauptstaatsarchiv_2011beschnitten_goebel-648x400.jpg\" class=\"attachment-medium size-medium wp-post-image\" alt=\"Hessisches Hauptstaatsarchiv Wiesbaden Au\u00dfenansicht\" srcset=\"https:\/\/book2net.net\/wp-content\/uploads\/2021\/02\/dok719-1hauptstaatsarchiv_2011beschnitten_goebel-648x400.jpg 648w, https:\/\/book2net.net\/wp-content\/uploads\/2021\/02\/dok719-1hauptstaatsarchiv_2011beschnitten_goebel-768x474.jpg 768w, https:\/\/book2net.net\/wp-content\/uploads\/2021\/02\/dok719-1hauptstaatsarchiv_2011beschnitten_goebel.jpg 800w\" sizes=\"auto, (max-width: 648px) 100vw, 648px\" \/>\t\t\t\t\t\t\t<\/a>\n  \t\t\t\t\t\t\t  \t\t\t\t\t\t\t  \t\t\t\t\t\t<\/div>\n  \t\t\t\t\t\t  \t\t\t\t\t<\/div>\n          \t\t\t\t\t<div class=\"box-text text-center\" >\n\t\t\t\t\t<div class=\"box-text-inner blog-post-inner\">\n\n\t\t\t\t\t\n\t\t\t\t\t\t\t\t\t\t<h5 class=\"post-title is-large \">\n\t\t\t\t\t\t<a href=\"https:\/\/book2net.net\/de\/2021\/02\/23\/archive-pro-im-hessischen-hauptstaatsarchiv\/\" class=\"plain\">Archive Pro im Hessischen Hauptstaatsarchiv<\/a>\n\t\t\t\t\t<\/h5>\n\t\t\t\t\t\t\t\t\t\t<div class=\"is-divider\"><\/div>\n\t\t\t\t\t                    \n\t\t\t\t\t\t\t\t\t\t\t<a href=\"https:\/\/book2net.net\/de\/2021\/02\/23\/archive-pro-im-hessischen-hauptstaatsarchiv\/\" class=\"button primary is-outline is-small mb-0\">\n\t\t\t\t\t\t\tweiter lesen\t\t\t\t\t\t<\/a>\n\t\t\t\t\t\n\t\t\t\t\t\n\t\t\t\t\t<\/div>\n\t\t\t\t\t<\/div>\n\t\t\t\t\t\t\t\t\t<\/div>\n\t\t\t<\/div>\n\t\t<\/div><div class=\"col post-item\" data-animate=\"fadeInUp\">\n\t\t\t<div class=\"col-inner\">\n\t\t\t\t<div class=\"box box-push box-text-bottom box-blog-post has-hover\">\n            \t\t\t\t\t<div class=\"box-image\" >\n  \t\t\t\t\t\t<div class=\"image-cover\" style=\"padding-top:75%;\">\n\t\t\t\t\t\t\t<a href=\"https:\/\/book2net.net\/de\/2021\/02\/22\/dragon-lizard-in-der-polnischen-nationalbibliothek\/\" class=\"plain\" aria-label=\"Dragon &#038; Lizard in der Polnischen Nationalbibliothek\">\n\t\t\t\t\t\t\t\t<img loading=\"lazy\" decoding=\"async\" width=\"800\" height=\"342\" src=\"https:\/\/book2net.net\/wp-content\/uploads\/2021\/02\/CS-Polen-Lizard-Dragon-DE-800x342.jpg\" class=\"attachment-medium size-medium wp-post-image\" alt=\"Polnische Nationalbibliothek Au\u00dfenansicht\" srcset=\"https:\/\/book2net.net\/wp-content\/uploads\/2021\/02\/CS-Polen-Lizard-Dragon-DE-800x342.jpg 800w, https:\/\/book2net.net\/wp-content\/uploads\/2021\/02\/CS-Polen-Lizard-Dragon-DE-768x329.jpg 768w, https:\/\/book2net.net\/wp-content\/uploads\/2021\/02\/CS-Polen-Lizard-Dragon-DE.jpg 946w\" sizes=\"auto, (max-width: 800px) 100vw, 800px\" \/>\t\t\t\t\t\t\t<\/a>\n  \t\t\t\t\t\t\t  \t\t\t\t\t\t\t  \t\t\t\t\t\t<\/div>\n  \t\t\t\t\t\t  \t\t\t\t\t<\/div>\n          \t\t\t\t\t<div class=\"box-text text-center\" >\n\t\t\t\t\t<div class=\"box-text-inner blog-post-inner\">\n\n\t\t\t\t\t\n\t\t\t\t\t\t\t\t\t\t<h5 class=\"post-title is-large \">\n\t\t\t\t\t\t<a href=\"https:\/\/book2net.net\/de\/2021\/02\/22\/dragon-lizard-in-der-polnischen-nationalbibliothek\/\" class=\"plain\">Dragon &#038; Lizard in der Polnischen Nationalbibliothek<\/a>\n\t\t\t\t\t<\/h5>\n\t\t\t\t\t\t\t\t\t\t<div class=\"is-divider\"><\/div>\n\t\t\t\t\t                    \n\t\t\t\t\t\t\t\t\t\t\t<a href=\"https:\/\/book2net.net\/de\/2021\/02\/22\/dragon-lizard-in-der-polnischen-nationalbibliothek\/\" class=\"button primary is-outline is-small mb-0\">\n\t\t\t\t\t\t\tweiter lesen\t\t\t\t\t\t<\/a>\n\t\t\t\t\t\n\t\t\t\t\t\n\t\t\t\t\t<\/div>\n\t\t\t\t\t<\/div>\n\t\t\t\t\t\t\t\t\t<\/div>\n\t\t\t<\/div>\n\t\t<\/div><div class=\"col post-item\" data-animate=\"fadeInUp\">\n\t\t\t<div class=\"col-inner\">\n\t\t\t\t<div class=\"box box-push box-text-bottom box-blog-post has-hover\">\n            \t\t\t\t\t<div class=\"box-image\" >\n  \t\t\t\t\t\t<div class=\"image-cover\" style=\"padding-top:75%;\">\n\t\t\t\t\t\t\t<a href=\"https:\/\/book2net.net\/de\/2021\/02\/22\/langjaehrige-zusammenarbeit-mit-der-lmu\/\" class=\"plain\" aria-label=\"Langj\u00e4hrige Zusammenarbeit mit der LMU\">\n\t\t\t\t\t\t\t\t<img loading=\"lazy\" decoding=\"async\" width=\"300\" height=\"168\" src=\"https:\/\/book2net.net\/wp-content\/uploads\/2021\/02\/LMU.jpg\" class=\"attachment-medium size-medium wp-post-image\" alt=\"Ansicht Hauptgeb\u00e4ude Ludwig-Maximilians-Universit\u00e4t\" \/>\t\t\t\t\t\t\t<\/a>\n  \t\t\t\t\t\t\t  \t\t\t\t\t\t\t  \t\t\t\t\t\t<\/div>\n  \t\t\t\t\t\t  \t\t\t\t\t<\/div>\n          \t\t\t\t\t<div class=\"box-text text-center\" >\n\t\t\t\t\t<div class=\"box-text-inner blog-post-inner\">\n\n\t\t\t\t\t\n\t\t\t\t\t\t\t\t\t\t<h5 class=\"post-title is-large \">\n\t\t\t\t\t\t<a href=\"https:\/\/book2net.net\/de\/2021\/02\/22\/langjaehrige-zusammenarbeit-mit-der-lmu\/\" class=\"plain\">Langj\u00e4hrige Zusammenarbeit mit der LMU<\/a>\n\t\t\t\t\t<\/h5>\n\t\t\t\t\t\t\t\t\t\t<div class=\"is-divider\"><\/div>\n\t\t\t\t\t                    \n\t\t\t\t\t\t\t\t\t\t\t<a href=\"https:\/\/book2net.net\/de\/2021\/02\/22\/langjaehrige-zusammenarbeit-mit-der-lmu\/\" class=\"button primary is-outline is-small mb-0\">\n\t\t\t\t\t\t\tweiter lesen\t\t\t\t\t\t<\/a>\n\t\t\t\t\t\n\t\t\t\t\t\n\t\t\t\t\t<\/div>\n\t\t\t\t\t<\/div>\n\t\t\t\t\t\t\t\t\t<\/div>\n\t\t\t<\/div>\n\t\t<\/div><div class=\"col post-item\" data-animate=\"fadeInUp\">\n\t\t\t<div class=\"col-inner\">\n\t\t\t\t<div class=\"box box-push box-text-bottom box-blog-post has-hover\">\n            \t\t\t\t\t<div class=\"box-image\" >\n  \t\t\t\t\t\t<div class=\"image-cover\" style=\"padding-top:75%;\">\n\t\t\t\t\t\t\t<a href=\"https:\/\/book2net.net\/de\/2021\/02\/22\/ein-flash-im-irischen-zeitungsarchiv\/\" class=\"plain\" aria-label=\"Gro\u00dfformatscanner in den Irish Newspaper Archives\">\n\t\t\t\t\t\t\t\t<img loading=\"lazy\" decoding=\"async\" width=\"382\" height=\"400\" src=\"https:\/\/book2net.net\/wp-content\/uploads\/2021\/02\/irish-newspaper-archives-382x400.png\" class=\"attachment-medium size-medium wp-post-image\" alt=\"Zeitungen Irish Newspaper Archives\" srcset=\"https:\/\/book2net.net\/wp-content\/uploads\/2021\/02\/irish-newspaper-archives-382x400.png 382w, https:\/\/book2net.net\/wp-content\/uploads\/2021\/02\/irish-newspaper-archives.png 736w\" sizes=\"auto, (max-width: 382px) 100vw, 382px\" \/>\t\t\t\t\t\t\t<\/a>\n  \t\t\t\t\t\t\t  \t\t\t\t\t\t\t  \t\t\t\t\t\t<\/div>\n  \t\t\t\t\t\t  \t\t\t\t\t<\/div>\n          \t\t\t\t\t<div class=\"box-text text-center\" >\n\t\t\t\t\t<div class=\"box-text-inner blog-post-inner\">\n\n\t\t\t\t\t\n\t\t\t\t\t\t\t\t\t\t<h5 class=\"post-title is-large \">\n\t\t\t\t\t\t<a href=\"https:\/\/book2net.net\/de\/2021\/02\/22\/ein-flash-im-irischen-zeitungsarchiv\/\" class=\"plain\">Gro\u00dfformatscanner in den Irish Newspaper Archives<\/a>\n\t\t\t\t\t<\/h5>\n\t\t\t\t\t\t\t\t\t\t<div class=\"is-divider\"><\/div>\n\t\t\t\t\t                    \n\t\t\t\t\t\t\t\t\t\t\t<a href=\"https:\/\/book2net.net\/de\/2021\/02\/22\/ein-flash-im-irischen-zeitungsarchiv\/\" class=\"button primary is-outline is-small mb-0\">\n\t\t\t\t\t\t\tweiter lesen\t\t\t\t\t\t<\/a>\n\t\t\t\t\t\n\t\t\t\t\t\n\t\t\t\t\t<\/div>\n\t\t\t\t\t<\/div>\n\t\t\t\t\t\t\t\t\t<\/div>\n\t\t\t<\/div>\n\t\t<\/div><div class=\"col post-item\" data-animate=\"fadeInUp\">\n\t\t\t<div class=\"col-inner\">\n\t\t\t\t<div class=\"box box-push box-text-bottom box-blog-post has-hover\">\n            \t\t\t\t\t<div class=\"box-image\" >\n  \t\t\t\t\t\t<div class=\"image-cover\" style=\"padding-top:75%;\">\n\t\t\t\t\t\t\t<a href=\"https:\/\/book2net.net\/de\/2021\/02\/18\/mosquito-denmark\/\" class=\"plain\" aria-label=\"Zwei Mosquitos A1 f\u00fcr die D\u00e4nische K\u00f6nigliche Bibliothek\">\n\t\t\t\t\t\t\t\t<img loading=\"lazy\" decoding=\"async\" width=\"600\" height=\"400\" src=\"https:\/\/book2net.net\/wp-content\/uploads\/2021\/02\/The_Royal_Library_SHL_Architects_02-600x400.jpg\" class=\"attachment-medium size-medium wp-post-image\" alt=\"D\u00e4nische Nationalbibliothek Kopenhagen Au\u00dfenansicht\" srcset=\"https:\/\/book2net.net\/wp-content\/uploads\/2021\/02\/The_Royal_Library_SHL_Architects_02-600x400.jpg 600w, https:\/\/book2net.net\/wp-content\/uploads\/2021\/02\/The_Royal_Library_SHL_Architects_02.jpg 750w\" sizes=\"auto, (max-width: 600px) 100vw, 600px\" \/>\t\t\t\t\t\t\t<\/a>\n  \t\t\t\t\t\t\t  \t\t\t\t\t\t\t  \t\t\t\t\t\t<\/div>\n  \t\t\t\t\t\t  \t\t\t\t\t<\/div>\n          \t\t\t\t\t<div class=\"box-text text-center\" >\n\t\t\t\t\t<div class=\"box-text-inner blog-post-inner\">\n\n\t\t\t\t\t\n\t\t\t\t\t\t\t\t\t\t<h5 class=\"post-title is-large \">\n\t\t\t\t\t\t<a href=\"https:\/\/book2net.net\/de\/2021\/02\/18\/mosquito-denmark\/\" class=\"plain\">Zwei Mosquitos A1 f\u00fcr die D\u00e4nische K\u00f6nigliche Bibliothek<\/a>\n\t\t\t\t\t<\/h5>\n\t\t\t\t\t\t\t\t\t\t<div class=\"is-divider\"><\/div>\n\t\t\t\t\t                    \n\t\t\t\t\t\t\t\t\t\t\t<a href=\"https:\/\/book2net.net\/de\/2021\/02\/18\/mosquito-denmark\/\" class=\"button primary is-outline is-small mb-0\">\n\t\t\t\t\t\t\tweiter lesen\t\t\t\t\t\t<\/a>\n\t\t\t\t\t\n\t\t\t\t\t\n\t\t\t\t\t<\/div>\n\t\t\t\t\t<\/div>\n\t\t\t\t\t\t\t\t\t<\/div>\n\t\t\t<\/div>\n\t\t<\/div><\/div>\n\n\n","protected":false},"excerpt":{"rendered":"<p>Leistungsstarker book2net Gro\u00dfformatscanner unterst\u00fctzt die Irish National Archives bei der Digitalisierung ihrer Best\u00e4nde.<\/p>\n","protected":false},"author":1,"featured_media":3557,"comment_status":"closed","ping_status":"closed","sticky":false,"template":"","format":"standard","meta":{"footnotes":""},"categories":[235],"tags":[],"class_list":["post-3556","post","type-post","status-publish","format-standard","has-post-thumbnail","hentry","category-case-studies"],"_links":{"self":[{"href":"https:\/\/book2net.net\/de\/wp-json\/wp\/v2\/posts\/3556","targetHints":{"allow":["GET"]}}],"collection":[{"href":"https:\/\/book2net.net\/de\/wp-json\/wp\/v2\/posts"}],"about":[{"href":"https:\/\/book2net.net\/de\/wp-json\/wp\/v2\/types\/post"}],"author":[{"embeddable":true,"href":"https:\/\/book2net.net\/de\/wp-json\/wp\/v2\/users\/1"}],"replies":[{"embeddable":true,"href":"https:\/\/book2net.net\/de\/wp-json\/wp\/v2\/comments?post=3556"}],"version-history":[{"count":48,"href":"https:\/\/book2net.net\/de\/wp-json\/wp\/v2\/posts\/3556\/revisions"}],"predecessor-version":[{"id":92916,"href":"https:\/\/book2net.net\/de\/wp-json\/wp\/v2\/posts\/3556\/revisions\/92916"}],"wp:featuredmedia":[{"embeddable":true,"href":"https:\/\/book2net.net\/de\/wp-json\/wp\/v2\/media\/3557"}],"wp:attachment":[{"href":"https:\/\/book2net.net\/de\/wp-json\/wp\/v2\/media?parent=3556"}],"wp:term":[{"taxonomy":"category","embeddable":true,"href":"https:\/\/book2net.net\/de\/wp-json\/wp\/v2\/categories?post=3556"},{"taxonomy":"post_tag","embeddable":true,"href":"https:\/\/book2net.net\/de\/wp-json\/wp\/v2\/tags?post=3556"}],"curies":[{"name":"wp","href":"https:\/\/api.w.org\/{rel}","templated":true}]}}