{"id":3570,"date":"2021-02-22T21:18:32","date_gmt":"2021-02-22T20:18:32","guid":{"rendered":"https:\/\/book2net.net\/?p=3570"},"modified":"2025-04-14T09:47:29","modified_gmt":"2025-04-14T07:47:29","slug":"langjaehrige-zusammenarbeit-mit-der-lmu","status":"publish","type":"post","link":"https:\/\/book2net.net\/de\/2021\/02\/22\/langjaehrige-zusammenarbeit-mit-der-lmu\/","title":{"rendered":"Langj\u00e4hrige Zusammenarbeit mit der LMU"},"content":{"rendered":"\n\n\t<section class=\"section dark\" id=\"section_567315511\">\n\t\t<div class=\"section-bg fill\" >\n\t\t\t\t\t\t\t\t\t\n\t\t\t\n\n\t\t<\/div>\n\n\t\t\n\n\t\t<div class=\"section-content relative\">\n\t\t\t\n\n<div class=\"row\"  id=\"row-1061516965\">\n\n\n\t<div id=\"col-1256399211\" class=\"col small-12 large-12\"  >\n\t\t\t\t<div class=\"col-inner\"  >\n\t\t\t\n\t\t\t\n\n<div class=\"row align-bottom\"  id=\"row-1676776069\">\n\n\n\t<div id=\"col-1338212732\" class=\"col medium-7 small-12 large-7\"  >\n\t\t\t\t<div class=\"col-inner\"  >\n\t\t\t\n\t\t\t\n\n\t<div id=\"text-4178666580\" class=\"text\">\n\t\t\n\n<h3>Kooperation<br>mit der<br>Ludwig-Maximilians-<br>Universit\u00e4t<\/h3>\n\t\t\n<style>\n#text-4178666580 {\n  font-size: 3.25rem;\n  line-height: 1.25;\n}\n<\/style>\n\t<\/div>\n\t\n\n\t\t<\/div>\n\t\t\t\t\t<\/div>\n\n\t\n\n\t<div id=\"col-1399037995\" class=\"col medium-5 small-12 large-5\"  data-animate=\"fadeInRight\">\n\t\t\t\t<div class=\"col-inner\"  >\n\t\t\t\n\t<div class=\"is-border\"\n\t\tstyle=\"border-width:0px 0px 0px 3px;\">\n\t<\/div>\n\t\t\t\n\n<h5>Die Ludwig-Maximilians-Universit\u00e4t ist in ganz Europa als renommierte und traditionsreiche Bildungseinrichtung bekannt. 1472 gegr\u00fcndet ist sie eine der \u00e4ltesten und gr\u00f6\u00dften Universit\u00e4ten Deutschlands. Als eine der Elite-Universit\u00e4ten des Landes geh\u00f6rt sie zudem zu den forschungsst\u00e4rksten Universit\u00e4ten Europas und verf\u00fcgt mit ihrem ausdifferenzierten F\u00e4cherspektrum \u00fcber ein herausragendes Potenzial f\u00fcr zukunftsweisende Forschung.<\/h5>\n\n\t\t<\/div>\n\t\t\t\t\n<style>\n#col-1399037995 > .col-inner {\n  padding: 0px 40px 0px 35px;\n  margin: 0px 0px -6px 0px;\n}\n<\/style>\n\t<\/div>\n\n\t\n\n\t<div id=\"col-523589521\" class=\"col medium-12 small-12 large-8\"  >\n\t\t\t\t<div class=\"col-inner\"  >\n\t\t\t\n\t\t\t\n\n\t<div class=\"img has-hover x md-x lg-x y md-y lg-y\" id=\"image_1361222574\">\n\t\t\t\t\t\t\t\t<div class=\"img-inner dark\" >\n\t\t\t<img loading=\"lazy\" decoding=\"async\" width=\"358\" height=\"140\" src=\"https:\/\/book2net.net\/wp-content\/uploads\/2021\/02\/scanner-04.jpg\" class=\"attachment-large size-large\" alt=\"Anwenderin am book2net Spirit A3 Buchscanner\" \/>\t\t\t\t\t\t\n\t\t\t\t\t<\/div>\n\t\t\t\t\t\t\t\t\n<style>\n#image_1361222574 {\n  width: 100%;\n}\n<\/style>\n\t<\/div>\n\t\n\n\t<div id=\"gap-1057659341\" class=\"gap-element clearfix\" style=\"display:block; height:auto;\">\n\t\t\n<style>\n#gap-1057659341 {\n  padding-top: 50px;\n}\n<\/style>\n\t<\/div>\n\t\n\n\n\t\t<\/div>\n\t\t\t\t\t<\/div>\n\n\t\n\n<\/div>\n\n\t\t<\/div>\n\t\t\t\t\n<style>\n#col-1256399211 > .col-inner {\n  margin: 0px 0px -225px 0px;\n}\n<\/style>\n\t<\/div>\n\n\t\n\n<\/div>\n\n\t\t<\/div>\n\n\t\t\n<style>\n#section_567315511 {\n  padding-top: 80px;\n  padding-bottom: 80px;\n  background-color: rgb(150, 150, 150);\n}\n<\/style>\n\t<\/section>\n\t\n\n\t<section class=\"section\" id=\"section_2073063224\">\n\t\t<div class=\"section-bg fill\" >\n\t\t\t\t\t\t\t\t\t\n\t\t\t\n\n\t\t<\/div>\n\n\t\t\n\n\t\t<div class=\"section-content relative\">\n\t\t\t\n\n<div class=\"row\"  id=\"row-1243202771\">\n\n\n\t<div id=\"col-1642344310\" class=\"col medium-11 small-12 large-6\"  data-animate=\"fadeInUp\">\n\t\t\t\t<div class=\"col-inner box-shadow-2\" style=\"background-color:rgb(255,255,255);\" >\n\t\t\t\n\t\t\t\n\n\t<div class=\"img has-hover x md-x lg-x y md-y lg-y\" id=\"image_1383822241\">\n\t\t\t\t\t\t\t\t<div class=\"img-inner dark\" >\n\t\t\t<img loading=\"lazy\" decoding=\"async\" width=\"1020\" height=\"485\" src=\"https:\/\/book2net.net\/wp-content\/uploads\/2021\/02\/LMU_Logo-1400x665.png\" class=\"attachment-large size-large\" alt=\"Logo Ludwig-Maximilians-Universit\u00e4t\" srcset=\"https:\/\/book2net.net\/wp-content\/uploads\/2021\/02\/LMU_Logo-1400x665.png 1400w, https:\/\/book2net.net\/wp-content\/uploads\/2021\/02\/LMU_Logo-800x380.png 800w, https:\/\/book2net.net\/wp-content\/uploads\/2021\/02\/LMU_Logo-768x365.png 768w, https:\/\/book2net.net\/wp-content\/uploads\/2021\/02\/LMU_Logo.png 1448w\" sizes=\"auto, (max-width: 1020px) 100vw, 1020px\" \/>\t\t\t\t\t\t\n\t\t\t\t\t<\/div>\n\t\t\t\t\t\t\t\t\n<style>\n#image_1383822241 {\n  width: 100%;\n}\n<\/style>\n\t<\/div>\n\t\n\n\n\t\t<\/div>\n\t\t\t\t\n<style>\n#col-1642344310 > .col-inner {\n  padding: 45px 45px 45px 45px;\n  margin: - 0px 0px 0px;\n}\n@media (min-width:550px) {\n  #col-1642344310 > .col-inner {\n    margin: -100px 0px 0px 0px;\n  }\n}\n@media (min-width:850px) {\n  #col-1642344310 > .col-inner {\n    margin: -171px 0px 0px 0px;\n  }\n}\n<\/style>\n\t<\/div>\n\n\t\n\n<\/div>\n<div class=\"container section-title-container\" ><h3 class=\"section-title section-title-normal\"><b><\/b><span class=\"section-title-main\" style=\"color:rgb(213, 28, 32);\">Die Ludwig-Maximilians-Universit\u00e4t in Zahlen<\/span><b><\/b><\/h3><\/div>\n\n<div class=\"row align-middle\"  id=\"row-1185933920\">\n\n\n\t<div id=\"col-417032888\" class=\"col medium-7 small-12 large-3\"  >\n\t\t\t\t<div class=\"col-inner text-left box-shadow-2\"  >\n\t\t\t\n\t\t\t\n\n\n\t\t<div class=\"icon-box featured-box icon-box-left text-left\"  >\n\t\t\t\t<div class=\"icon-box-text last-reset\">\n\t\t\t\t\t\t\t\t\t\n\n\t<div id=\"gap-355237173\" class=\"gap-element clearfix\" style=\"display:block; height:auto;\">\n\t\t\n<style>\n#gap-355237173 {\n  padding-top: 5px;\n}\n<\/style>\n\t<\/div>\n\t\n\n\t<div id=\"text-35369642\" class=\"text\">\n\t\t\n\n<h5><span style=\"font-size: 85%;\">ca. 50.000<\/span><\/h5>\n\t\t\n<style>\n#text-35369642 {\n  font-size: 1.25rem;\n  text-align: center;\n}\n<\/style>\n\t<\/div>\n\t\n\n\t\t<\/div>\n\t<\/div>\n\t\n\t\n\t<div id=\"text-2224254663\" class=\"text\">\n\t\t\n\n<p>Studierende<\/p>\n\t\t\n<style>\n#text-2224254663 {\n  text-align: center;\n}\n<\/style>\n\t<\/div>\n\t\n\n\t\t<\/div>\n\t\t\t\t\t<\/div>\n\n\t\n\n\t<div id=\"col-83638229\" class=\"col medium-8 small-12 large-1\"  >\n\t\t\t\t<div class=\"col-inner\"  >\n\t\t\t\n\t\t\t\n\n<div class=\"text-center\"><div class=\"is-divider divider clearfix\" style=\"max-width:60%;height:2px;background-color:rgb(41, 56, 71);\"><\/div><\/div>\n\n\n\t\t<\/div>\n\t\t\t\t\t<\/div>\n\n\t\n\n\t<div id=\"col-441701382\" class=\"col medium-7 small-12 large-3\"  >\n\t\t\t\t<div class=\"col-inner box-shadow-2\"  >\n\t\t\t\n\t\t\t\n\n\n\t\t<div class=\"icon-box featured-box icon-box-left text-left\"  >\n\t\t\t\t<div class=\"icon-box-text last-reset\">\n\t\t\t\t\t\t\t\t\t\n\n\t<div id=\"gap-699447226\" class=\"gap-element clearfix\" style=\"display:block; height:auto;\">\n\t\t\n<style>\n#gap-699447226 {\n  padding-top: 5px;\n}\n<\/style>\n\t<\/div>\n\t\n\n\t<div id=\"gap-1248631856\" class=\"gap-element clearfix\" style=\"display:block; height:auto;\">\n\t\t\n<style>\n#gap-1248631856 {\n  padding-top: 15px;\n}\n<\/style>\n\t<\/div>\n\t\n\n\t<div id=\"text-2315155665\" class=\"text\">\n\t\t\n\n<h6>5 Millionen+<\/h6>\n\t\t\n<style>\n#text-2315155665 {\n  font-size: 1.25rem;\n  text-align: center;\n}\n<\/style>\n\t<\/div>\n\t\n\n\t\t<\/div>\n\t<\/div>\n\t\n\t\n\t<div id=\"text-1841265318\" class=\"text\">\n\t\t\n\n<p>Medien<\/p>\n\t\t\n<style>\n#text-1841265318 {\n  text-align: center;\n}\n<\/style>\n\t<\/div>\n\t\n\n\t\t<\/div>\n\t\t\t\t\t<\/div>\n\n\t\n\n\t<div id=\"col-1470197156\" class=\"col medium-8 small-12 large-1\"  >\n\t\t\t\t<div class=\"col-inner\"  >\n\t\t\t\n\t\t\t\n\n<div class=\"text-center\"><div class=\"is-divider divider clearfix\" style=\"max-width:60%;height:2px;background-color:rgb(41, 56, 71);\"><\/div><\/div>\n\n\n\t\t<\/div>\n\t\t\t\t\t<\/div>\n\n\t\n\n\t<div id=\"col-1619930022\" class=\"col medium-7 small-12 large-3\"  >\n\t\t\t\t<div class=\"col-inner box-shadow-2\"  >\n\t\t\t\n\t\t\t\n\n\n\t\t<div class=\"icon-box featured-box icon-box-left text-left\"  >\n\t\t\t\t<div class=\"icon-box-text last-reset\">\n\t\t\t\t\t\t\t\t\t\n\n\t<div id=\"gap-66634619\" class=\"gap-element clearfix\" style=\"display:block; height:auto;\">\n\t\t\n<style>\n#gap-66634619 {\n  padding-top: 5px;\n}\n<\/style>\n\t<\/div>\n\t\n\n\t<div id=\"gap-1140607633\" class=\"gap-element clearfix\" style=\"display:block; height:auto;\">\n\t\t\n<style>\n#gap-1140607633 {\n  padding-top: 15px;\n}\n<\/style>\n\t<\/div>\n\t\n\n\t<div id=\"text-3321471249\" class=\"text\">\n\t\t\n\n<h6>15<\/h6>\n\t\t\n<style>\n#text-3321471249 {\n  font-size: 1.25rem;\n  text-align: center;\n}\n<\/style>\n\t<\/div>\n\t\n\n\t\t<\/div>\n\t<\/div>\n\t\n\t\n\t<div id=\"text-1814332448\" class=\"text\">\n\t\t\n\n<p>Standorte<\/p>\n\t\t\n<style>\n#text-1814332448 {\n  text-align: center;\n}\n<\/style>\n\t<\/div>\n\t\n\n\t\t<\/div>\n\t\t\t\t\t<\/div>\n\n\t\n\n<\/div>\n\n\t\t<\/div>\n\n\t\t\n<style>\n#section_2073063224 {\n  padding-top: 30px;\n  padding-bottom: 30px;\n}\n<\/style>\n\t<\/section>\n\t\n\n\t<section class=\"section\" id=\"section_1145888417\">\n\t\t<div class=\"section-bg fill\" >\n\t\t\t\t\t\t\t\t\t\n\t\t\t\n\n\t\t<\/div>\n\n\t\t\n\n\t\t<div class=\"section-content relative\">\n\t\t\t\n\n<div class=\"row row-collapse align-center\"  id=\"row-1358635996\">\n\n\n\t<div id=\"col-957750857\" class=\"col medium-10 small-12 large-10\"  >\n\t\t\t\t<div class=\"col-inner text-center\"  >\n\t\t\t\n\t\t\t\n\n\t<div id=\"text-3541868581\" class=\"text\">\n\t\t\n\n<p>&nbsp;<\/p>\n<h2>Projekthintergrund<\/h2>\n<p>Die Universit\u00e4tsbibliothek der LMU umfasst mit ihrer Zentralbibliothek und weiteren 14 Fachbibliotheken heute einen Bestand von ca. 5 Millionen Medien und geh\u00f6rt damit zu den gr\u00f6\u00dften Universit\u00e4tsbibliotheken in Deutschland. Sie ist ein modernes Zentrum der Informationsvermittlung f\u00fcr Wissenschaft, Forschung und Lehre.<\/p>\n<p>Zur Realisierung eines Digitalisierungsprogramms, das den Studierenden den umfangreichen Bestand durch Selbstbedienungssysteme zug\u00e4nglich machen und zudem nachhaltig, kosten- und umweltschonend sein sollte, suchte die LMU per Ausschreibung nach einer passenden L\u00f6sung.<\/p>\n\t\t\n<style>\n#text-3541868581 {\n  color: rgb(255,255,255);\n}\n#text-3541868581 > * {\n  color: rgb(255,255,255);\n}\n<\/style>\n\t<\/div>\n\t\n\n\t\t<\/div>\n\t\t\t\t\n<style>\n#col-957750857 > .col-inner {\n  padding: 50px 0px 50px 0px;\n}\n<\/style>\n\t<\/div>\n\n\t\n\n\t<div id=\"col-885026639\" class=\"col large-12\"  >\n\t\t\t\t<div class=\"col-inner\"  >\n\t\t\t\n\t\t\t\n\n\t<div class=\"img has-hover x md-x lg-x y md-y lg-y\" id=\"image_131073190\">\n\t\t\t\t\t\t\t\t<div class=\"img-inner dark\" >\n\t\t\t<img loading=\"lazy\" decoding=\"async\" width=\"448\" height=\"314\" src=\"https:\/\/book2net.net\/wp-content\/uploads\/2021\/02\/photo_bib2.jpg\" class=\"attachment-original size-original\" alt=\"book2net Public A2 Buchscanner in der Ludwig-Maximilians-Universit\u00e4t\" \/>\t\t\t\t\t\t\n\t\t\t\t\t<\/div>\n\t\t\t\t\t\t\t\t\n<style>\n#image_131073190 {\n  width: 100%;\n}\n<\/style>\n\t<\/div>\n\t\n\n\n\t\t<\/div>\n\t\t\t\t\n<style>\n#col-885026639 > .col-inner {\n  padding: 0px 0px 0px 0px;\n  margin: -30px 0px -70px 0px;\n}\n<\/style>\n\t<\/div>\n\n\t\n\n<\/div>\n\n\t\t<\/div>\n\n\t\t\n<style>\n#section_1145888417 {\n  padding-top: 0px;\n  padding-bottom: 0px;\n  background-color: rgb(150, 150, 150);\n}\n<\/style>\n\t<\/section>\n\t\n\t<div id=\"gap-330472344\" class=\"gap-element clearfix\" style=\"display:block; height:auto;\">\n\t\t\n<style>\n#gap-330472344 {\n  padding-top: 95px;\n}\n<\/style>\n\t<\/div>\n\t\n\n<div class=\"container section-title-container\" ><h3 class=\"section-title section-title-normal\"><b><\/b><span class=\"section-title-main\" style=\"color:rgb(213, 28, 32);\">book2net aktion<\/span><b><\/b><\/h3><\/div>\n\n<p>Um das Digitalisierungsprogramm der LMU erfolgreich umzusetzen, begann book2net 2009 mit der Installation mehrerer Self-Service-Scanner der Public- und Spirit-Serien. \u00dcber 40 dieser Ger\u00e4te finden sich heute in den Fakult\u00e4ten und Teilbibliotheken der LMU und helfen Studierenden B\u00fccher selbstst\u00e4ndig zu digitalisieren.<\/p>\n<p>Bisher waren kaum Wartungseins\u00e4tze notwendig, obwohl die Menge an generierten Scans einiger Ger\u00e4t mittlerweile 5 Millionen \u00fcbersteigt. Die ersten zehn Systeme von 2009 sind noch immer kontinuierlich im Einsatz. Verl\u00e4sslichkeit und Langlebigkeit der Ger\u00e4te, sowie gegenseitiges Vertrauen bilden die Basis unserer langj\u00e4hrigen, erfolgreichen Partnerschaft.<\/p>\n<a href=\"https:\/\/book2net.net\/de\/produkte\/a3,buchscanner,self-service-scanner\/spirit\/\" class=\"button primary\"  >\n\t\t<span>Zum spirit advance<\/span>\n\t<\/a>\n\n\n<a href=\"https:\/\/book2net.net\/de\/produkte\/a2,buchscanner,self-service-scanner\/kiosk-public\/\" class=\"button primary\"  >\n\t\t<span>Zum kiosk public<\/span>\n\t<\/a>\n\n\n\t<div id=\"gap-143695038\" class=\"gap-element clearfix\" style=\"display:block; height:auto;\">\n\t\t\n<style>\n#gap-143695038 {\n  padding-top: 45px;\n}\n<\/style>\n\t<\/div>\n\t\n\n<div class=\"container section-title-container\" ><h3 class=\"section-title section-title-normal\"><b><\/b><span class=\"section-title-main\" style=\"color:rgb(213, 28, 32);\">Weitere Case Studies<\/span><b><\/b><\/h3><\/div>\n\n\n  \n    <div class=\"row large-columns-3 medium-columns-1 small-columns-1 slider row-slider slider-nav-reveal\"  data-flickity-options='{&quot;imagesLoaded&quot;: true, &quot;groupCells&quot;: &quot;100%&quot;, &quot;dragThreshold&quot; : 5, &quot;cellAlign&quot;: &quot;left&quot;,&quot;wrapAround&quot;: true,&quot;prevNextButtons&quot;: true,&quot;percentPosition&quot;: true,&quot;pageDots&quot;: false, &quot;rightToLeft&quot;: false, &quot;autoPlay&quot; : false}' >\n\n  <div class=\"col post-item\" >\n\t\t\t<div class=\"col-inner\">\n\t\t\t\t<div class=\"box box-push box-text-bottom box-blog-post has-hover\">\n            \t\t\t\t\t<div class=\"box-image\" >\n  \t\t\t\t\t\t<div class=\"image-cover\" style=\"padding-top:75%;\">\n\t\t\t\t\t\t\t<a href=\"https:\/\/book2net.net\/de\/2025\/06\/16\/archive-pro-und-flash-im-stadtarchiv-zwickau\/\" class=\"plain\" aria-label=\"Archive Pro und Flash im Stadtarchiv Zwickau\">\n\t\t\t\t\t\t\t\t<img loading=\"lazy\" decoding=\"async\" width=\"711\" height=\"400\" src=\"https:\/\/book2net.net\/wp-content\/uploads\/2025\/06\/csm____Stadtarchiv_Zwickau_Redaktion_651b63b5c2-711x400.jpg\" class=\"attachment-medium size-medium wp-post-image\" alt=\"\" srcset=\"https:\/\/book2net.net\/wp-content\/uploads\/2025\/06\/csm____Stadtarchiv_Zwickau_Redaktion_651b63b5c2-711x400.jpg 711w, https:\/\/book2net.net\/wp-content\/uploads\/2025\/06\/csm____Stadtarchiv_Zwickau_Redaktion_651b63b5c2-768x432.jpg 768w, https:\/\/book2net.net\/wp-content\/uploads\/2025\/06\/csm____Stadtarchiv_Zwickau_Redaktion_651b63b5c2.jpg 980w\" sizes=\"auto, (max-width: 711px) 100vw, 711px\" \/>\t\t\t\t\t\t\t<\/a>\n  \t\t\t\t\t\t\t  \t\t\t\t\t\t\t  \t\t\t\t\t\t<\/div>\n  \t\t\t\t\t\t  \t\t\t\t\t<\/div>\n          \t\t\t\t\t<div class=\"box-text text-center\" >\n\t\t\t\t\t<div class=\"box-text-inner blog-post-inner\">\n\n\t\t\t\t\t\n\t\t\t\t\t\t\t\t\t\t<h5 class=\"post-title is-large \">\n\t\t\t\t\t\t<a href=\"https:\/\/book2net.net\/de\/2025\/06\/16\/archive-pro-und-flash-im-stadtarchiv-zwickau\/\" class=\"plain\">Archive Pro und Flash im Stadtarchiv Zwickau<\/a>\n\t\t\t\t\t<\/h5>\n\t\t\t\t\t\t\t\t\t\t<div class=\"is-divider\"><\/div>\n\t\t\t\t\t                    \n\t\t\t\t\t\t\t\t\t\t\t<a href=\"https:\/\/book2net.net\/de\/2025\/06\/16\/archive-pro-und-flash-im-stadtarchiv-zwickau\/\" class=\"button primary is-outline is-small mb-0\">\n\t\t\t\t\t\t\tweiter lesen\t\t\t\t\t\t<\/a>\n\t\t\t\t\t\n\t\t\t\t\t\n\t\t\t\t\t<\/div>\n\t\t\t\t\t<\/div>\n\t\t\t\t\t\t\t\t\t<\/div>\n\t\t\t<\/div>\n\t\t<\/div><div class=\"col post-item\" >\n\t\t\t<div class=\"col-inner\">\n\t\t\t\t<div class=\"box box-push box-text-bottom box-blog-post has-hover\">\n            \t\t\t\t\t<div class=\"box-image\" >\n  \t\t\t\t\t\t<div class=\"image-cover\" style=\"padding-top:75%;\">\n\t\t\t\t\t\t\t<a href=\"https:\/\/book2net.net\/de\/2024\/07\/04\/dragon-fuer-die-thulb-jena\/\" class=\"plain\" aria-label=\"Dragon f\u00fcr die ThULB Jena\">\n\t\t\t\t\t\t\t\t<img loading=\"lazy\" decoding=\"async\" width=\"602\" height=\"400\" src=\"https:\/\/book2net.net\/wp-content\/uploads\/2024\/07\/ThULB_gnther-602x400.png\" class=\"attachment-medium size-medium wp-post-image\" alt=\"\" srcset=\"https:\/\/book2net.net\/wp-content\/uploads\/2024\/07\/ThULB_gnther-602x400.png 602w, https:\/\/book2net.net\/wp-content\/uploads\/2024\/07\/ThULB_gnther-1204x800.png 1204w, https:\/\/book2net.net\/wp-content\/uploads\/2024\/07\/ThULB_gnther-768x510.png 768w, https:\/\/book2net.net\/wp-content\/uploads\/2024\/07\/ThULB_gnther-1536x1020.png 1536w, https:\/\/book2net.net\/wp-content\/uploads\/2024\/07\/ThULB_gnther-2048x1360.png 2048w\" sizes=\"auto, (max-width: 602px) 100vw, 602px\" \/>\t\t\t\t\t\t\t<\/a>\n  \t\t\t\t\t\t\t  \t\t\t\t\t\t\t  \t\t\t\t\t\t<\/div>\n  \t\t\t\t\t\t  \t\t\t\t\t<\/div>\n          \t\t\t\t\t<div class=\"box-text text-center\" >\n\t\t\t\t\t<div class=\"box-text-inner blog-post-inner\">\n\n\t\t\t\t\t\n\t\t\t\t\t\t\t\t\t\t<h5 class=\"post-title is-large \">\n\t\t\t\t\t\t<a href=\"https:\/\/book2net.net\/de\/2024\/07\/04\/dragon-fuer-die-thulb-jena\/\" class=\"plain\">Dragon f\u00fcr die ThULB Jena<\/a>\n\t\t\t\t\t<\/h5>\n\t\t\t\t\t\t\t\t\t\t<div class=\"is-divider\"><\/div>\n\t\t\t\t\t                    \n\t\t\t\t\t\t\t\t\t\t\t<a href=\"https:\/\/book2net.net\/de\/2024\/07\/04\/dragon-fuer-die-thulb-jena\/\" class=\"button primary is-outline is-small mb-0\">\n\t\t\t\t\t\t\tweiter lesen\t\t\t\t\t\t<\/a>\n\t\t\t\t\t\n\t\t\t\t\t\n\t\t\t\t\t<\/div>\n\t\t\t\t\t<\/div>\n\t\t\t\t\t\t\t\t\t<\/div>\n\t\t\t<\/div>\n\t\t<\/div><div class=\"col post-item\" >\n\t\t\t<div class=\"col-inner\">\n\t\t\t\t<div class=\"box box-push box-text-bottom box-blog-post has-hover\">\n            \t\t\t\t\t<div class=\"box-image\" >\n  \t\t\t\t\t\t<div class=\"image-cover\" style=\"padding-top:75%;\">\n\t\t\t\t\t\t\t<a href=\"https:\/\/book2net.net\/de\/2024\/06\/27\/die-klassik-stiftung-weimar\/\" class=\"plain\" aria-label=\"Goethe Multispektral\">\n\t\t\t\t\t\t\t\t<img loading=\"lazy\" decoding=\"async\" width=\"710\" height=\"400\" src=\"https:\/\/book2net.net\/wp-content\/uploads\/2024\/06\/klassikstiftung-weimar-2_16x9-1-710x400.webp\" class=\"attachment-medium size-medium wp-post-image\" alt=\"klassikstiftung-weimar\" srcset=\"https:\/\/book2net.net\/wp-content\/uploads\/2024\/06\/klassikstiftung-weimar-2_16x9-1-710x400.webp 710w, https:\/\/book2net.net\/wp-content\/uploads\/2024\/06\/klassikstiftung-weimar-2_16x9-1-1400x788.webp 1400w, https:\/\/book2net.net\/wp-content\/uploads\/2024\/06\/klassikstiftung-weimar-2_16x9-1-768x433.webp 768w, https:\/\/book2net.net\/wp-content\/uploads\/2024\/06\/klassikstiftung-weimar-2_16x9-1-1536x865.webp 1536w, https:\/\/book2net.net\/wp-content\/uploads\/2024\/06\/klassikstiftung-weimar-2_16x9-1-2048x1153.webp 2048w\" sizes=\"auto, (max-width: 710px) 100vw, 710px\" \/>\t\t\t\t\t\t\t<\/a>\n  \t\t\t\t\t\t\t  \t\t\t\t\t\t\t  \t\t\t\t\t\t<\/div>\n  \t\t\t\t\t\t  \t\t\t\t\t<\/div>\n          \t\t\t\t\t<div class=\"box-text text-center\" >\n\t\t\t\t\t<div class=\"box-text-inner blog-post-inner\">\n\n\t\t\t\t\t\n\t\t\t\t\t\t\t\t\t\t<h5 class=\"post-title is-large \">\n\t\t\t\t\t\t<a href=\"https:\/\/book2net.net\/de\/2024\/06\/27\/die-klassik-stiftung-weimar\/\" class=\"plain\">Goethe Multispektral<\/a>\n\t\t\t\t\t<\/h5>\n\t\t\t\t\t\t\t\t\t\t<div class=\"is-divider\"><\/div>\n\t\t\t\t\t                    \n\t\t\t\t\t\t\t\t\t\t\t<a href=\"https:\/\/book2net.net\/de\/2024\/06\/27\/die-klassik-stiftung-weimar\/\" class=\"button primary is-outline is-small mb-0\">\n\t\t\t\t\t\t\tweiter lesen\t\t\t\t\t\t<\/a>\n\t\t\t\t\t\n\t\t\t\t\t\n\t\t\t\t\t<\/div>\n\t\t\t\t\t<\/div>\n\t\t\t\t\t\t\t\t\t<\/div>\n\t\t\t<\/div>\n\t\t<\/div><div class=\"col post-item\" >\n\t\t\t<div class=\"col-inner\">\n\t\t\t\t<div class=\"box box-push box-text-bottom box-blog-post has-hover\">\n            \t\t\t\t\t<div class=\"box-image\" >\n  \t\t\t\t\t\t<div class=\"image-cover\" style=\"padding-top:75%;\">\n\t\t\t\t\t\t\t<a href=\"https:\/\/book2net.net\/de\/2024\/04\/25\/gutenberg-bibel-mainz\/\" class=\"plain\" aria-label=\"Gutenberg-Bibel Mainz\">\n\t\t\t\t\t\t\t\t<img loading=\"lazy\" decoding=\"async\" width=\"533\" height=\"400\" src=\"https:\/\/book2net.net\/wp-content\/uploads\/2024\/04\/Gutenberg-Museum-Tresor-scaled-1-533x400.jpeg\" class=\"attachment-medium size-medium wp-post-image\" alt=\"\" srcset=\"https:\/\/book2net.net\/wp-content\/uploads\/2024\/04\/Gutenberg-Museum-Tresor-scaled-1-533x400.jpeg 533w, https:\/\/book2net.net\/wp-content\/uploads\/2024\/04\/Gutenberg-Museum-Tresor-scaled-1-1067x800.jpeg 1067w, https:\/\/book2net.net\/wp-content\/uploads\/2024\/04\/Gutenberg-Museum-Tresor-scaled-1-768x576.jpeg 768w, https:\/\/book2net.net\/wp-content\/uploads\/2024\/04\/Gutenberg-Museum-Tresor-scaled-1-1536x1152.jpeg 1536w, https:\/\/book2net.net\/wp-content\/uploads\/2024\/04\/Gutenberg-Museum-Tresor-scaled-1-2048x1536.jpeg 2048w\" sizes=\"auto, (max-width: 533px) 100vw, 533px\" \/>\t\t\t\t\t\t\t<\/a>\n  \t\t\t\t\t\t\t  \t\t\t\t\t\t\t  \t\t\t\t\t\t<\/div>\n  \t\t\t\t\t\t  \t\t\t\t\t<\/div>\n          \t\t\t\t\t<div class=\"box-text text-center\" >\n\t\t\t\t\t<div class=\"box-text-inner blog-post-inner\">\n\n\t\t\t\t\t\n\t\t\t\t\t\t\t\t\t\t<h5 class=\"post-title is-large \">\n\t\t\t\t\t\t<a href=\"https:\/\/book2net.net\/de\/2024\/04\/25\/gutenberg-bibel-mainz\/\" class=\"plain\">Gutenberg-Bibel Mainz<\/a>\n\t\t\t\t\t<\/h5>\n\t\t\t\t\t\t\t\t\t\t<div class=\"is-divider\"><\/div>\n\t\t\t\t\t                    \n\t\t\t\t\t\t\t\t\t\t\t<a href=\"https:\/\/book2net.net\/de\/2024\/04\/25\/gutenberg-bibel-mainz\/\" class=\"button primary is-outline is-small mb-0\">\n\t\t\t\t\t\t\tweiter lesen\t\t\t\t\t\t<\/a>\n\t\t\t\t\t\n\t\t\t\t\t\n\t\t\t\t\t<\/div>\n\t\t\t\t\t<\/div>\n\t\t\t\t\t\t\t\t\t<\/div>\n\t\t\t<\/div>\n\t\t<\/div><div class=\"col post-item\" >\n\t\t\t<div class=\"col-inner\">\n\t\t\t\t<div class=\"box box-push box-text-bottom box-blog-post has-hover\">\n            \t\t\t\t\t<div class=\"box-image\" >\n  \t\t\t\t\t\t<div class=\"image-cover\" style=\"padding-top:75%;\">\n\t\t\t\t\t\t\t<a href=\"https:\/\/book2net.net\/de\/2024\/04\/25\/projekt-mittelalterliche-handschriften\/\" class=\"plain\" aria-label=\"Projekt mittelalterliche Handschriften\">\n\t\t\t\t\t\t\t\t<img loading=\"lazy\" decoding=\"async\" width=\"711\" height=\"400\" src=\"https:\/\/book2net.net\/wp-content\/uploads\/2024\/05\/Digitalisierung-des-Chorbuches-der-Karmeliter-aus-dem-Dommuseum-Mainz-Signatur-B-330-C-CCO.-\u00a9-D.-Ghemires-711x400.jpg\" class=\"attachment-medium size-medium wp-post-image\" alt=\"\" srcset=\"https:\/\/book2net.net\/wp-content\/uploads\/2024\/05\/Digitalisierung-des-Chorbuches-der-Karmeliter-aus-dem-Dommuseum-Mainz-Signatur-B-330-C-CCO.-\u00a9-D.-Ghemires-711x400.jpg 711w, https:\/\/book2net.net\/wp-content\/uploads\/2024\/05\/Digitalisierung-des-Chorbuches-der-Karmeliter-aus-dem-Dommuseum-Mainz-Signatur-B-330-C-CCO.-\u00a9-D.-Ghemires-1400x787.jpg 1400w, https:\/\/book2net.net\/wp-content\/uploads\/2024\/05\/Digitalisierung-des-Chorbuches-der-Karmeliter-aus-dem-Dommuseum-Mainz-Signatur-B-330-C-CCO.-\u00a9-D.-Ghemires-768x432.jpg 768w, https:\/\/book2net.net\/wp-content\/uploads\/2024\/05\/Digitalisierung-des-Chorbuches-der-Karmeliter-aus-dem-Dommuseum-Mainz-Signatur-B-330-C-CCO.-\u00a9-D.-Ghemires-1536x864.jpg 1536w, https:\/\/book2net.net\/wp-content\/uploads\/2024\/05\/Digitalisierung-des-Chorbuches-der-Karmeliter-aus-dem-Dommuseum-Mainz-Signatur-B-330-C-CCO.-\u00a9-D.-Ghemires-2048x1152.jpg 2048w\" sizes=\"auto, (max-width: 711px) 100vw, 711px\" \/>\t\t\t\t\t\t\t<\/a>\n  \t\t\t\t\t\t\t  \t\t\t\t\t\t\t  \t\t\t\t\t\t<\/div>\n  \t\t\t\t\t\t  \t\t\t\t\t<\/div>\n          \t\t\t\t\t<div class=\"box-text text-center\" >\n\t\t\t\t\t<div class=\"box-text-inner blog-post-inner\">\n\n\t\t\t\t\t\n\t\t\t\t\t\t\t\t\t\t<h5 class=\"post-title is-large \">\n\t\t\t\t\t\t<a href=\"https:\/\/book2net.net\/de\/2024\/04\/25\/projekt-mittelalterliche-handschriften\/\" class=\"plain\">Projekt mittelalterliche Handschriften<\/a>\n\t\t\t\t\t<\/h5>\n\t\t\t\t\t\t\t\t\t\t<div class=\"is-divider\"><\/div>\n\t\t\t\t\t                    \n\t\t\t\t\t\t\t\t\t\t\t<a href=\"https:\/\/book2net.net\/de\/2024\/04\/25\/projekt-mittelalterliche-handschriften\/\" class=\"button primary is-outline is-small mb-0\">\n\t\t\t\t\t\t\tweiter lesen\t\t\t\t\t\t<\/a>\n\t\t\t\t\t\n\t\t\t\t\t\n\t\t\t\t\t<\/div>\n\t\t\t\t\t<\/div>\n\t\t\t\t\t\t\t\t\t<\/div>\n\t\t\t<\/div>\n\t\t<\/div><div class=\"col post-item\" >\n\t\t\t<div class=\"col-inner\">\n\t\t\t\t<div class=\"box box-push box-text-bottom box-blog-post has-hover\">\n            \t\t\t\t\t<div class=\"box-image\" >\n  \t\t\t\t\t\t<div class=\"image-cover\" style=\"padding-top:75%;\">\n\t\t\t\t\t\t\t<a href=\"https:\/\/book2net.net\/de\/2023\/06\/29\/kulturgutsicherung-im-historischen-archiv-der-stadt-koeln\/\" class=\"plain\" aria-label=\"Kulturgutsicherung im Historischen Archiv der Stadt K\u00f6ln\">\n\t\t\t\t\t\t\t\t<img loading=\"lazy\" decoding=\"async\" width=\"711\" height=\"400\" src=\"https:\/\/book2net.net\/wp-content\/uploads\/2023\/06\/rba_d056253_39_mit-Untertiteln-Kopie-711x400.jpg\" class=\"attachment-medium size-medium wp-post-image\" alt=\"Historisches Archiv der Stadt K\u00f6ln - Neubau Au\u00dfenansicht\" srcset=\"https:\/\/book2net.net\/wp-content\/uploads\/2023\/06\/rba_d056253_39_mit-Untertiteln-Kopie-711x400.jpg 711w, https:\/\/book2net.net\/wp-content\/uploads\/2023\/06\/rba_d056253_39_mit-Untertiteln-Kopie-768x432.jpg 768w, https:\/\/book2net.net\/wp-content\/uploads\/2023\/06\/rba_d056253_39_mit-Untertiteln-Kopie.jpg 1200w\" sizes=\"auto, (max-width: 711px) 100vw, 711px\" \/>\t\t\t\t\t\t\t<\/a>\n  \t\t\t\t\t\t\t  \t\t\t\t\t\t\t  \t\t\t\t\t\t<\/div>\n  \t\t\t\t\t\t  \t\t\t\t\t<\/div>\n          \t\t\t\t\t<div class=\"box-text text-center\" >\n\t\t\t\t\t<div class=\"box-text-inner blog-post-inner\">\n\n\t\t\t\t\t\n\t\t\t\t\t\t\t\t\t\t<h5 class=\"post-title is-large \">\n\t\t\t\t\t\t<a href=\"https:\/\/book2net.net\/de\/2023\/06\/29\/kulturgutsicherung-im-historischen-archiv-der-stadt-koeln\/\" class=\"plain\">Kulturgutsicherung im Historischen Archiv der Stadt K\u00f6ln<\/a>\n\t\t\t\t\t<\/h5>\n\t\t\t\t\t\t\t\t\t\t<div class=\"is-divider\"><\/div>\n\t\t\t\t\t                    \n\t\t\t\t\t\t\t\t\t\t\t<a href=\"https:\/\/book2net.net\/de\/2023\/06\/29\/kulturgutsicherung-im-historischen-archiv-der-stadt-koeln\/\" class=\"button primary is-outline is-small mb-0\">\n\t\t\t\t\t\t\tweiter lesen\t\t\t\t\t\t<\/a>\n\t\t\t\t\t\n\t\t\t\t\t\n\t\t\t\t\t<\/div>\n\t\t\t\t\t<\/div>\n\t\t\t\t\t\t\t\t\t<\/div>\n\t\t\t<\/div>\n\t\t<\/div><div class=\"col post-item\" >\n\t\t\t<div class=\"col-inner\">\n\t\t\t\t<div class=\"box box-push box-text-bottom box-blog-post has-hover\">\n            \t\t\t\t\t<div class=\"box-image\" >\n  \t\t\t\t\t\t<div class=\"image-cover\" style=\"padding-top:75%;\">\n\t\t\t\t\t\t\t<a href=\"https:\/\/book2net.net\/de\/2023\/01\/04\/cobra-a2-in-der-fondation-martin-bodmer\/\" class=\"plain\" aria-label=\"Cobra A2 in der Fondation Martin Bodmer\">\n\t\t\t\t\t\t\t\t<img loading=\"lazy\" decoding=\"async\" width=\"800\" height=\"350\" src=\"https:\/\/book2net.net\/wp-content\/uploads\/2023\/01\/bandeau_Fondation_Martin_Bodmer-Kopie-800x350.jpg\" class=\"attachment-medium size-medium wp-post-image\" alt=\"\" srcset=\"https:\/\/book2net.net\/wp-content\/uploads\/2023\/01\/bandeau_Fondation_Martin_Bodmer-Kopie-800x350.jpg 800w, https:\/\/book2net.net\/wp-content\/uploads\/2023\/01\/bandeau_Fondation_Martin_Bodmer-Kopie-1400x613.jpg 1400w, https:\/\/book2net.net\/wp-content\/uploads\/2023\/01\/bandeau_Fondation_Martin_Bodmer-Kopie-768x336.jpg 768w, https:\/\/book2net.net\/wp-content\/uploads\/2023\/01\/bandeau_Fondation_Martin_Bodmer-Kopie-1536x672.jpg 1536w, https:\/\/book2net.net\/wp-content\/uploads\/2023\/01\/bandeau_Fondation_Martin_Bodmer-Kopie.jpg 1600w\" sizes=\"auto, (max-width: 800px) 100vw, 800px\" \/>\t\t\t\t\t\t\t<\/a>\n  \t\t\t\t\t\t\t  \t\t\t\t\t\t\t  \t\t\t\t\t\t<\/div>\n  \t\t\t\t\t\t  \t\t\t\t\t<\/div>\n          \t\t\t\t\t<div class=\"box-text text-center\" >\n\t\t\t\t\t<div class=\"box-text-inner blog-post-inner\">\n\n\t\t\t\t\t\n\t\t\t\t\t\t\t\t\t\t<h5 class=\"post-title is-large \">\n\t\t\t\t\t\t<a href=\"https:\/\/book2net.net\/de\/2023\/01\/04\/cobra-a2-in-der-fondation-martin-bodmer\/\" class=\"plain\">Cobra A2 in der Fondation Martin Bodmer<\/a>\n\t\t\t\t\t<\/h5>\n\t\t\t\t\t\t\t\t\t\t<div class=\"is-divider\"><\/div>\n\t\t\t\t\t                    \n\t\t\t\t\t\t\t\t\t\t\t<a href=\"https:\/\/book2net.net\/de\/2023\/01\/04\/cobra-a2-in-der-fondation-martin-bodmer\/\" class=\"button primary is-outline is-small mb-0\">\n\t\t\t\t\t\t\tweiter lesen\t\t\t\t\t\t<\/a>\n\t\t\t\t\t\n\t\t\t\t\t\n\t\t\t\t\t<\/div>\n\t\t\t\t\t<\/div>\n\t\t\t\t\t\t\t\t\t<\/div>\n\t\t\t<\/div>\n\t\t<\/div><div class=\"col post-item\" >\n\t\t\t<div class=\"col-inner\">\n\t\t\t\t<div class=\"box box-push box-text-bottom box-blog-post has-hover\">\n            \t\t\t\t\t<div class=\"box-image\" >\n  \t\t\t\t\t\t<div class=\"image-cover\" style=\"padding-top:75%;\">\n\t\t\t\t\t\t\t<a href=\"https:\/\/book2net.net\/de\/2022\/11\/24\/kooperation-mit-der-nationalbibliothek-von-usbekistan\/\" class=\"plain\" aria-label=\"Kooperation mit der Nationalbibliothek von Usbekistan\">\n\t\t\t\t\t\t\t\t<img loading=\"lazy\" decoding=\"async\" width=\"719\" height=\"400\" src=\"https:\/\/book2net.net\/wp-content\/uploads\/2022\/11\/Uzbekistan-National-library-named-after-Alisher-Navoi-719x400.jpg\" class=\"attachment-medium size-medium wp-post-image\" alt=\"\" srcset=\"https:\/\/book2net.net\/wp-content\/uploads\/2022\/11\/Uzbekistan-National-library-named-after-Alisher-Navoi-719x400.jpg 719w, https:\/\/book2net.net\/wp-content\/uploads\/2022\/11\/Uzbekistan-National-library-named-after-Alisher-Navoi-768x427.jpg 768w, https:\/\/book2net.net\/wp-content\/uploads\/2022\/11\/Uzbekistan-National-library-named-after-Alisher-Navoi.jpg 1280w\" sizes=\"auto, (max-width: 719px) 100vw, 719px\" \/>\t\t\t\t\t\t\t<\/a>\n  \t\t\t\t\t\t\t  \t\t\t\t\t\t\t  \t\t\t\t\t\t<\/div>\n  \t\t\t\t\t\t  \t\t\t\t\t<\/div>\n          \t\t\t\t\t<div class=\"box-text text-center\" >\n\t\t\t\t\t<div class=\"box-text-inner blog-post-inner\">\n\n\t\t\t\t\t\n\t\t\t\t\t\t\t\t\t\t<h5 class=\"post-title is-large \">\n\t\t\t\t\t\t<a href=\"https:\/\/book2net.net\/de\/2022\/11\/24\/kooperation-mit-der-nationalbibliothek-von-usbekistan\/\" class=\"plain\">Kooperation mit der Nationalbibliothek von Usbekistan<\/a>\n\t\t\t\t\t<\/h5>\n\t\t\t\t\t\t\t\t\t\t<div class=\"is-divider\"><\/div>\n\t\t\t\t\t                    \n\t\t\t\t\t\t\t\t\t\t\t<a href=\"https:\/\/book2net.net\/de\/2022\/11\/24\/kooperation-mit-der-nationalbibliothek-von-usbekistan\/\" class=\"button primary is-outline is-small mb-0\">\n\t\t\t\t\t\t\tweiter lesen\t\t\t\t\t\t<\/a>\n\t\t\t\t\t\n\t\t\t\t\t\n\t\t\t\t\t<\/div>\n\t\t\t\t\t<\/div>\n\t\t\t\t\t\t\t\t\t<\/div>\n\t\t\t<\/div>\n\t\t<\/div><div class=\"col post-item\" >\n\t\t\t<div class=\"col-inner\">\n\t\t\t\t<div class=\"box box-push box-text-bottom box-blog-post has-hover\">\n            \t\t\t\t\t<div class=\"box-image\" >\n  \t\t\t\t\t\t<div class=\"image-cover\" style=\"padding-top:75%;\">\n\t\t\t\t\t\t\t<a href=\"https:\/\/book2net.net\/de\/2022\/05\/10\/hybride-scansysteme-deutsches-bundesarchiv\/\" class=\"plain\" aria-label=\"Hybride Scansysteme f\u00fcr das Bundesarchiv\">\n\t\t\t\t\t\t\t\t<img loading=\"lazy\" decoding=\"async\" width=\"600\" height=\"400\" src=\"https:\/\/book2net.net\/wp-content\/uploads\/2022\/05\/koblenz-2016-600x400.jpg\" class=\"attachment-medium size-medium wp-post-image\" alt=\"\" srcset=\"https:\/\/book2net.net\/wp-content\/uploads\/2022\/05\/koblenz-2016-600x400.jpg 600w, https:\/\/book2net.net\/wp-content\/uploads\/2022\/05\/koblenz-2016.jpg 650w\" sizes=\"auto, (max-width: 600px) 100vw, 600px\" \/>\t\t\t\t\t\t\t<\/a>\n  \t\t\t\t\t\t\t  \t\t\t\t\t\t\t  \t\t\t\t\t\t<\/div>\n  \t\t\t\t\t\t  \t\t\t\t\t<\/div>\n          \t\t\t\t\t<div class=\"box-text text-center\" >\n\t\t\t\t\t<div class=\"box-text-inner blog-post-inner\">\n\n\t\t\t\t\t\n\t\t\t\t\t\t\t\t\t\t<h5 class=\"post-title is-large \">\n\t\t\t\t\t\t<a href=\"https:\/\/book2net.net\/de\/2022\/05\/10\/hybride-scansysteme-deutsches-bundesarchiv\/\" class=\"plain\">Hybride Scansysteme f\u00fcr das Bundesarchiv<\/a>\n\t\t\t\t\t<\/h5>\n\t\t\t\t\t\t\t\t\t\t<div class=\"is-divider\"><\/div>\n\t\t\t\t\t                    \n\t\t\t\t\t\t\t\t\t\t\t<a href=\"https:\/\/book2net.net\/de\/2022\/05\/10\/hybride-scansysteme-deutsches-bundesarchiv\/\" class=\"button primary is-outline is-small mb-0\">\n\t\t\t\t\t\t\tweiter lesen\t\t\t\t\t\t<\/a>\n\t\t\t\t\t\n\t\t\t\t\t\n\t\t\t\t\t<\/div>\n\t\t\t\t\t<\/div>\n\t\t\t\t\t\t\t\t\t<\/div>\n\t\t\t<\/div>\n\t\t<\/div><div class=\"col post-item\" >\n\t\t\t<div class=\"col-inner\">\n\t\t\t\t<div class=\"box box-push box-text-bottom box-blog-post has-hover\">\n            \t\t\t\t\t<div class=\"box-image\" >\n  \t\t\t\t\t\t<div class=\"image-cover\" style=\"padding-top:75%;\">\n\t\t\t\t\t\t\t<a href=\"https:\/\/book2net.net\/de\/2021\/06\/21\/a1-reprosystem-im-senckenberg\/\" class=\"plain\" aria-label=\"A1 Reprosystem im Senckenberg Naturmuseum\">\n\t\t\t\t\t\t\t\t<img loading=\"lazy\" decoding=\"async\" width=\"600\" height=\"400\" src=\"https:\/\/book2net.net\/wp-content\/uploads\/2021\/06\/Senckenberg-Museum-Frankfurt-1-600x400.jpg\" class=\"attachment-medium size-medium wp-post-image\" alt=\"\" srcset=\"https:\/\/book2net.net\/wp-content\/uploads\/2021\/06\/Senckenberg-Museum-Frankfurt-1-600x400.jpg 600w, https:\/\/book2net.net\/wp-content\/uploads\/2021\/06\/Senckenberg-Museum-Frankfurt-1-768x512.jpg 768w, https:\/\/book2net.net\/wp-content\/uploads\/2021\/06\/Senckenberg-Museum-Frankfurt-1.jpg 1195w\" sizes=\"auto, (max-width: 600px) 100vw, 600px\" \/>\t\t\t\t\t\t\t<\/a>\n  \t\t\t\t\t\t\t  \t\t\t\t\t\t\t  \t\t\t\t\t\t<\/div>\n  \t\t\t\t\t\t  \t\t\t\t\t<\/div>\n          \t\t\t\t\t<div class=\"box-text text-center\" >\n\t\t\t\t\t<div class=\"box-text-inner blog-post-inner\">\n\n\t\t\t\t\t\n\t\t\t\t\t\t\t\t\t\t<h5 class=\"post-title is-large \">\n\t\t\t\t\t\t<a href=\"https:\/\/book2net.net\/de\/2021\/06\/21\/a1-reprosystem-im-senckenberg\/\" class=\"plain\">A1 Reprosystem im Senckenberg Naturmuseum<\/a>\n\t\t\t\t\t<\/h5>\n\t\t\t\t\t\t\t\t\t\t<div class=\"is-divider\"><\/div>\n\t\t\t\t\t                    \n\t\t\t\t\t\t\t\t\t\t\t<a href=\"https:\/\/book2net.net\/de\/2021\/06\/21\/a1-reprosystem-im-senckenberg\/\" class=\"button primary is-outline is-small mb-0\">\n\t\t\t\t\t\t\tweiter lesen\t\t\t\t\t\t<\/a>\n\t\t\t\t\t\n\t\t\t\t\t\n\t\t\t\t\t<\/div>\n\t\t\t\t\t<\/div>\n\t\t\t\t\t\t\t\t\t<\/div>\n\t\t\t<\/div>\n\t\t<\/div><div class=\"col post-item\" >\n\t\t\t<div class=\"col-inner\">\n\t\t\t\t<div class=\"box box-push box-text-bottom box-blog-post has-hover\">\n            \t\t\t\t\t<div class=\"box-image\" >\n  \t\t\t\t\t\t<div class=\"image-cover\" style=\"padding-top:75%;\">\n\t\t\t\t\t\t\t<a href=\"https:\/\/book2net.net\/de\/2021\/06\/16\/falcons-fuer-das-usbekische-justizministerium\/\" class=\"plain\" aria-label=\"Falcons f\u00fcr das usbekische Justizministerium\">\n\t\t\t\t\t\t\t\t<img loading=\"lazy\" decoding=\"async\" width=\"422\" height=\"300\" src=\"https:\/\/book2net.net\/wp-content\/uploads\/2021\/06\/010101.jpg\" class=\"attachment-medium size-medium wp-post-image\" alt=\"Au\u00dfenansicht Usbekisches Justizministerium\" \/>\t\t\t\t\t\t\t<\/a>\n  \t\t\t\t\t\t\t  \t\t\t\t\t\t\t  \t\t\t\t\t\t<\/div>\n  \t\t\t\t\t\t  \t\t\t\t\t<\/div>\n          \t\t\t\t\t<div class=\"box-text text-center\" >\n\t\t\t\t\t<div class=\"box-text-inner blog-post-inner\">\n\n\t\t\t\t\t\n\t\t\t\t\t\t\t\t\t\t<h5 class=\"post-title is-large \">\n\t\t\t\t\t\t<a href=\"https:\/\/book2net.net\/de\/2021\/06\/16\/falcons-fuer-das-usbekische-justizministerium\/\" class=\"plain\">Falcons f\u00fcr das usbekische Justizministerium<\/a>\n\t\t\t\t\t<\/h5>\n\t\t\t\t\t\t\t\t\t\t<div class=\"is-divider\"><\/div>\n\t\t\t\t\t                    \n\t\t\t\t\t\t\t\t\t\t\t<a href=\"https:\/\/book2net.net\/de\/2021\/06\/16\/falcons-fuer-das-usbekische-justizministerium\/\" class=\"button primary is-outline is-small mb-0\">\n\t\t\t\t\t\t\tweiter lesen\t\t\t\t\t\t<\/a>\n\t\t\t\t\t\n\t\t\t\t\t\n\t\t\t\t\t<\/div>\n\t\t\t\t\t<\/div>\n\t\t\t\t\t\t\t\t\t<\/div>\n\t\t\t<\/div>\n\t\t<\/div><div class=\"col post-item\" >\n\t\t\t<div class=\"col-inner\">\n\t\t\t\t<div class=\"box box-push box-text-bottom box-blog-post has-hover\">\n            \t\t\t\t\t<div class=\"box-image\" >\n  \t\t\t\t\t\t<div class=\"image-cover\" style=\"padding-top:75%;\">\n\t\t\t\t\t\t\t<a href=\"https:\/\/book2net.net\/de\/2021\/03\/04\/installation-an-der-mohammed-bin-rashid-library-in-dubai\/\" class=\"plain\" aria-label=\"Installation an der Mohammed bin Rashid Library in Dubai\">\n\t\t\t\t\t\t\t\t<img loading=\"lazy\" decoding=\"async\" width=\"600\" height=\"400\" src=\"https:\/\/book2net.net\/wp-content\/uploads\/2021\/03\/NIZ7136-600x400.jpg\" class=\"attachment-medium size-medium wp-post-image\" alt=\"Au\u00dfenansicht Mohammed bin Rashid Library in Dubai\" srcset=\"https:\/\/book2net.net\/wp-content\/uploads\/2021\/03\/NIZ7136-600x400.jpg 600w, https:\/\/book2net.net\/wp-content\/uploads\/2021\/03\/NIZ7136-1200x800.jpg 1200w, https:\/\/book2net.net\/wp-content\/uploads\/2021\/03\/NIZ7136-768x512.jpg 768w, https:\/\/book2net.net\/wp-content\/uploads\/2021\/03\/NIZ7136.jpg 1280w\" sizes=\"auto, (max-width: 600px) 100vw, 600px\" \/>\t\t\t\t\t\t\t<\/a>\n  \t\t\t\t\t\t\t  \t\t\t\t\t\t\t  \t\t\t\t\t\t<\/div>\n  \t\t\t\t\t\t  \t\t\t\t\t<\/div>\n          \t\t\t\t\t<div class=\"box-text text-center\" >\n\t\t\t\t\t<div class=\"box-text-inner blog-post-inner\">\n\n\t\t\t\t\t\n\t\t\t\t\t\t\t\t\t\t<h5 class=\"post-title is-large \">\n\t\t\t\t\t\t<a href=\"https:\/\/book2net.net\/de\/2021\/03\/04\/installation-an-der-mohammed-bin-rashid-library-in-dubai\/\" class=\"plain\">Installation an der Mohammed bin Rashid Library in Dubai<\/a>\n\t\t\t\t\t<\/h5>\n\t\t\t\t\t\t\t\t\t\t<div class=\"is-divider\"><\/div>\n\t\t\t\t\t                    \n\t\t\t\t\t\t\t\t\t\t\t<a href=\"https:\/\/book2net.net\/de\/2021\/03\/04\/installation-an-der-mohammed-bin-rashid-library-in-dubai\/\" class=\"button primary is-outline is-small mb-0\">\n\t\t\t\t\t\t\tweiter lesen\t\t\t\t\t\t<\/a>\n\t\t\t\t\t\n\t\t\t\t\t\n\t\t\t\t\t<\/div>\n\t\t\t\t\t<\/div>\n\t\t\t\t\t\t\t\t\t<\/div>\n\t\t\t<\/div>\n\t\t<\/div><div class=\"col post-item\" >\n\t\t\t<div class=\"col-inner\">\n\t\t\t\t<div class=\"box box-push box-text-bottom box-blog-post has-hover\">\n            \t\t\t\t\t<div class=\"box-image\" >\n  \t\t\t\t\t\t<div class=\"image-cover\" style=\"padding-top:75%;\">\n\t\t\t\t\t\t\t<a href=\"https:\/\/book2net.net\/de\/2021\/02\/23\/reprosystem-a1-im-irish-architectural-archive\/\" class=\"plain\" aria-label=\"A1 Reprosystem im Irish Architectural Archive\">\n\t\t\t\t\t\t\t\t<img loading=\"lazy\" decoding=\"async\" width=\"566\" height=\"400\" src=\"https:\/\/book2net.net\/wp-content\/uploads\/2021\/02\/Geb_von-hinten-566x400.jpg\" class=\"attachment-medium size-medium wp-post-image\" alt=\"Irish Architectural Archive Au\u00dfenansicht R\u00fcckseite\" srcset=\"https:\/\/book2net.net\/wp-content\/uploads\/2021\/02\/Geb_von-hinten-566x400.jpg 566w, https:\/\/book2net.net\/wp-content\/uploads\/2021\/02\/Geb_von-hinten-1131x800.jpg 1131w, https:\/\/book2net.net\/wp-content\/uploads\/2021\/02\/Geb_von-hinten-768x543.jpg 768w, https:\/\/book2net.net\/wp-content\/uploads\/2021\/02\/Geb_von-hinten-1536x1086.jpg 1536w, https:\/\/book2net.net\/wp-content\/uploads\/2021\/02\/Geb_von-hinten.jpg 1920w\" sizes=\"auto, (max-width: 566px) 100vw, 566px\" \/>\t\t\t\t\t\t\t<\/a>\n  \t\t\t\t\t\t\t  \t\t\t\t\t\t\t  \t\t\t\t\t\t<\/div>\n  \t\t\t\t\t\t  \t\t\t\t\t<\/div>\n          \t\t\t\t\t<div class=\"box-text text-center\" >\n\t\t\t\t\t<div class=\"box-text-inner blog-post-inner\">\n\n\t\t\t\t\t\n\t\t\t\t\t\t\t\t\t\t<h5 class=\"post-title is-large \">\n\t\t\t\t\t\t<a href=\"https:\/\/book2net.net\/de\/2021\/02\/23\/reprosystem-a1-im-irish-architectural-archive\/\" class=\"plain\">A1 Reprosystem im Irish Architectural Archive<\/a>\n\t\t\t\t\t<\/h5>\n\t\t\t\t\t\t\t\t\t\t<div class=\"is-divider\"><\/div>\n\t\t\t\t\t                    \n\t\t\t\t\t\t\t\t\t\t\t<a href=\"https:\/\/book2net.net\/de\/2021\/02\/23\/reprosystem-a1-im-irish-architectural-archive\/\" class=\"button primary is-outline is-small mb-0\">\n\t\t\t\t\t\t\tweiter lesen\t\t\t\t\t\t<\/a>\n\t\t\t\t\t\n\t\t\t\t\t\n\t\t\t\t\t<\/div>\n\t\t\t\t\t<\/div>\n\t\t\t\t\t\t\t\t\t<\/div>\n\t\t\t<\/div>\n\t\t<\/div><div class=\"col post-item\" >\n\t\t\t<div class=\"col-inner\">\n\t\t\t\t<div class=\"box box-push box-text-bottom box-blog-post has-hover\">\n            \t\t\t\t\t<div class=\"box-image\" >\n  \t\t\t\t\t\t<div class=\"image-cover\" style=\"padding-top:75%;\">\n\t\t\t\t\t\t\t<a href=\"https:\/\/book2net.net\/de\/2021\/02\/23\/archive-pro-im-hessischen-hauptstaatsarchiv\/\" class=\"plain\" aria-label=\"Archive Pro im Hessischen Hauptstaatsarchiv\">\n\t\t\t\t\t\t\t\t<img loading=\"lazy\" decoding=\"async\" width=\"648\" height=\"400\" src=\"https:\/\/book2net.net\/wp-content\/uploads\/2021\/02\/dok719-1hauptstaatsarchiv_2011beschnitten_goebel-648x400.jpg\" class=\"attachment-medium size-medium wp-post-image\" alt=\"Hessisches Hauptstaatsarchiv Wiesbaden Au\u00dfenansicht\" srcset=\"https:\/\/book2net.net\/wp-content\/uploads\/2021\/02\/dok719-1hauptstaatsarchiv_2011beschnitten_goebel-648x400.jpg 648w, https:\/\/book2net.net\/wp-content\/uploads\/2021\/02\/dok719-1hauptstaatsarchiv_2011beschnitten_goebel-768x474.jpg 768w, https:\/\/book2net.net\/wp-content\/uploads\/2021\/02\/dok719-1hauptstaatsarchiv_2011beschnitten_goebel.jpg 800w\" sizes=\"auto, (max-width: 648px) 100vw, 648px\" \/>\t\t\t\t\t\t\t<\/a>\n  \t\t\t\t\t\t\t  \t\t\t\t\t\t\t  \t\t\t\t\t\t<\/div>\n  \t\t\t\t\t\t  \t\t\t\t\t<\/div>\n          \t\t\t\t\t<div class=\"box-text text-center\" >\n\t\t\t\t\t<div class=\"box-text-inner blog-post-inner\">\n\n\t\t\t\t\t\n\t\t\t\t\t\t\t\t\t\t<h5 class=\"post-title is-large \">\n\t\t\t\t\t\t<a href=\"https:\/\/book2net.net\/de\/2021\/02\/23\/archive-pro-im-hessischen-hauptstaatsarchiv\/\" class=\"plain\">Archive Pro im Hessischen Hauptstaatsarchiv<\/a>\n\t\t\t\t\t<\/h5>\n\t\t\t\t\t\t\t\t\t\t<div class=\"is-divider\"><\/div>\n\t\t\t\t\t                    \n\t\t\t\t\t\t\t\t\t\t\t<a href=\"https:\/\/book2net.net\/de\/2021\/02\/23\/archive-pro-im-hessischen-hauptstaatsarchiv\/\" class=\"button primary is-outline is-small mb-0\">\n\t\t\t\t\t\t\tweiter lesen\t\t\t\t\t\t<\/a>\n\t\t\t\t\t\n\t\t\t\t\t\n\t\t\t\t\t<\/div>\n\t\t\t\t\t<\/div>\n\t\t\t\t\t\t\t\t\t<\/div>\n\t\t\t<\/div>\n\t\t<\/div><div class=\"col post-item\" >\n\t\t\t<div class=\"col-inner\">\n\t\t\t\t<div class=\"box box-push box-text-bottom box-blog-post has-hover\">\n            \t\t\t\t\t<div class=\"box-image\" >\n  \t\t\t\t\t\t<div class=\"image-cover\" style=\"padding-top:75%;\">\n\t\t\t\t\t\t\t<a href=\"https:\/\/book2net.net\/de\/2021\/02\/22\/dragon-lizard-in-der-polnischen-nationalbibliothek\/\" class=\"plain\" aria-label=\"Dragon &#038; Lizard in der Polnischen Nationalbibliothek\">\n\t\t\t\t\t\t\t\t<img loading=\"lazy\" decoding=\"async\" width=\"800\" height=\"342\" src=\"https:\/\/book2net.net\/wp-content\/uploads\/2021\/02\/CS-Polen-Lizard-Dragon-DE-800x342.jpg\" class=\"attachment-medium size-medium wp-post-image\" alt=\"Polnische Nationalbibliothek Au\u00dfenansicht\" srcset=\"https:\/\/book2net.net\/wp-content\/uploads\/2021\/02\/CS-Polen-Lizard-Dragon-DE-800x342.jpg 800w, https:\/\/book2net.net\/wp-content\/uploads\/2021\/02\/CS-Polen-Lizard-Dragon-DE-768x329.jpg 768w, https:\/\/book2net.net\/wp-content\/uploads\/2021\/02\/CS-Polen-Lizard-Dragon-DE.jpg 946w\" sizes=\"auto, (max-width: 800px) 100vw, 800px\" \/>\t\t\t\t\t\t\t<\/a>\n  \t\t\t\t\t\t\t  \t\t\t\t\t\t\t  \t\t\t\t\t\t<\/div>\n  \t\t\t\t\t\t  \t\t\t\t\t<\/div>\n          \t\t\t\t\t<div class=\"box-text text-center\" >\n\t\t\t\t\t<div class=\"box-text-inner blog-post-inner\">\n\n\t\t\t\t\t\n\t\t\t\t\t\t\t\t\t\t<h5 class=\"post-title is-large \">\n\t\t\t\t\t\t<a href=\"https:\/\/book2net.net\/de\/2021\/02\/22\/dragon-lizard-in-der-polnischen-nationalbibliothek\/\" class=\"plain\">Dragon &#038; Lizard in der Polnischen Nationalbibliothek<\/a>\n\t\t\t\t\t<\/h5>\n\t\t\t\t\t\t\t\t\t\t<div class=\"is-divider\"><\/div>\n\t\t\t\t\t                    \n\t\t\t\t\t\t\t\t\t\t\t<a href=\"https:\/\/book2net.net\/de\/2021\/02\/22\/dragon-lizard-in-der-polnischen-nationalbibliothek\/\" class=\"button primary is-outline is-small mb-0\">\n\t\t\t\t\t\t\tweiter lesen\t\t\t\t\t\t<\/a>\n\t\t\t\t\t\n\t\t\t\t\t\n\t\t\t\t\t<\/div>\n\t\t\t\t\t<\/div>\n\t\t\t\t\t\t\t\t\t<\/div>\n\t\t\t<\/div>\n\t\t<\/div><div class=\"col post-item\" >\n\t\t\t<div class=\"col-inner\">\n\t\t\t\t<div class=\"box box-push box-text-bottom box-blog-post has-hover\">\n            \t\t\t\t\t<div class=\"box-image\" >\n  \t\t\t\t\t\t<div class=\"image-cover\" style=\"padding-top:75%;\">\n\t\t\t\t\t\t\t<a href=\"https:\/\/book2net.net\/de\/2021\/02\/22\/langjaehrige-zusammenarbeit-mit-der-lmu\/\" class=\"plain\" aria-label=\"Langj\u00e4hrige Zusammenarbeit mit der LMU\">\n\t\t\t\t\t\t\t\t<img loading=\"lazy\" decoding=\"async\" width=\"300\" height=\"168\" src=\"https:\/\/book2net.net\/wp-content\/uploads\/2021\/02\/LMU.jpg\" class=\"attachment-medium size-medium wp-post-image\" alt=\"Ansicht Hauptgeb\u00e4ude Ludwig-Maximilians-Universit\u00e4t\" \/>\t\t\t\t\t\t\t<\/a>\n  \t\t\t\t\t\t\t  \t\t\t\t\t\t\t  \t\t\t\t\t\t<\/div>\n  \t\t\t\t\t\t  \t\t\t\t\t<\/div>\n          \t\t\t\t\t<div class=\"box-text text-center\" >\n\t\t\t\t\t<div class=\"box-text-inner blog-post-inner\">\n\n\t\t\t\t\t\n\t\t\t\t\t\t\t\t\t\t<h5 class=\"post-title is-large \">\n\t\t\t\t\t\t<a href=\"https:\/\/book2net.net\/de\/2021\/02\/22\/langjaehrige-zusammenarbeit-mit-der-lmu\/\" class=\"plain\">Langj\u00e4hrige Zusammenarbeit mit der LMU<\/a>\n\t\t\t\t\t<\/h5>\n\t\t\t\t\t\t\t\t\t\t<div class=\"is-divider\"><\/div>\n\t\t\t\t\t                    \n\t\t\t\t\t\t\t\t\t\t\t<a href=\"https:\/\/book2net.net\/de\/2021\/02\/22\/langjaehrige-zusammenarbeit-mit-der-lmu\/\" class=\"button primary is-outline is-small mb-0\">\n\t\t\t\t\t\t\tweiter lesen\t\t\t\t\t\t<\/a>\n\t\t\t\t\t\n\t\t\t\t\t\n\t\t\t\t\t<\/div>\n\t\t\t\t\t<\/div>\n\t\t\t\t\t\t\t\t\t<\/div>\n\t\t\t<\/div>\n\t\t<\/div><div class=\"col post-item\" >\n\t\t\t<div class=\"col-inner\">\n\t\t\t\t<div class=\"box box-push box-text-bottom box-blog-post has-hover\">\n            \t\t\t\t\t<div class=\"box-image\" >\n  \t\t\t\t\t\t<div class=\"image-cover\" style=\"padding-top:75%;\">\n\t\t\t\t\t\t\t<a href=\"https:\/\/book2net.net\/de\/2021\/02\/22\/ein-flash-im-irischen-zeitungsarchiv\/\" class=\"plain\" aria-label=\"Gro\u00dfformatscanner in den Irish Newspaper Archives\">\n\t\t\t\t\t\t\t\t<img loading=\"lazy\" decoding=\"async\" width=\"382\" height=\"400\" src=\"https:\/\/book2net.net\/wp-content\/uploads\/2021\/02\/irish-newspaper-archives-382x400.png\" class=\"attachment-medium size-medium wp-post-image\" alt=\"Zeitungen Irish Newspaper Archives\" srcset=\"https:\/\/book2net.net\/wp-content\/uploads\/2021\/02\/irish-newspaper-archives-382x400.png 382w, https:\/\/book2net.net\/wp-content\/uploads\/2021\/02\/irish-newspaper-archives.png 736w\" sizes=\"auto, (max-width: 382px) 100vw, 382px\" \/>\t\t\t\t\t\t\t<\/a>\n  \t\t\t\t\t\t\t  \t\t\t\t\t\t\t  \t\t\t\t\t\t<\/div>\n  \t\t\t\t\t\t  \t\t\t\t\t<\/div>\n          \t\t\t\t\t<div class=\"box-text text-center\" >\n\t\t\t\t\t<div class=\"box-text-inner blog-post-inner\">\n\n\t\t\t\t\t\n\t\t\t\t\t\t\t\t\t\t<h5 class=\"post-title is-large \">\n\t\t\t\t\t\t<a href=\"https:\/\/book2net.net\/de\/2021\/02\/22\/ein-flash-im-irischen-zeitungsarchiv\/\" class=\"plain\">Gro\u00dfformatscanner in den Irish Newspaper Archives<\/a>\n\t\t\t\t\t<\/h5>\n\t\t\t\t\t\t\t\t\t\t<div class=\"is-divider\"><\/div>\n\t\t\t\t\t                    \n\t\t\t\t\t\t\t\t\t\t\t<a href=\"https:\/\/book2net.net\/de\/2021\/02\/22\/ein-flash-im-irischen-zeitungsarchiv\/\" class=\"button primary is-outline is-small mb-0\">\n\t\t\t\t\t\t\tweiter lesen\t\t\t\t\t\t<\/a>\n\t\t\t\t\t\n\t\t\t\t\t\n\t\t\t\t\t<\/div>\n\t\t\t\t\t<\/div>\n\t\t\t\t\t\t\t\t\t<\/div>\n\t\t\t<\/div>\n\t\t<\/div><div class=\"col post-item\" >\n\t\t\t<div class=\"col-inner\">\n\t\t\t\t<div class=\"box box-push box-text-bottom box-blog-post has-hover\">\n            \t\t\t\t\t<div class=\"box-image\" >\n  \t\t\t\t\t\t<div class=\"image-cover\" style=\"padding-top:75%;\">\n\t\t\t\t\t\t\t<a href=\"https:\/\/book2net.net\/de\/2021\/02\/18\/mosquito-denmark\/\" class=\"plain\" aria-label=\"Zwei Mosquitos A1 f\u00fcr die D\u00e4nische K\u00f6nigliche Bibliothek\">\n\t\t\t\t\t\t\t\t<img loading=\"lazy\" decoding=\"async\" width=\"600\" height=\"400\" src=\"https:\/\/book2net.net\/wp-content\/uploads\/2021\/02\/The_Royal_Library_SHL_Architects_02-600x400.jpg\" class=\"attachment-medium size-medium wp-post-image\" alt=\"D\u00e4nische Nationalbibliothek Kopenhagen Au\u00dfenansicht\" srcset=\"https:\/\/book2net.net\/wp-content\/uploads\/2021\/02\/The_Royal_Library_SHL_Architects_02-600x400.jpg 600w, https:\/\/book2net.net\/wp-content\/uploads\/2021\/02\/The_Royal_Library_SHL_Architects_02.jpg 750w\" sizes=\"auto, (max-width: 600px) 100vw, 600px\" \/>\t\t\t\t\t\t\t<\/a>\n  \t\t\t\t\t\t\t  \t\t\t\t\t\t\t  \t\t\t\t\t\t<\/div>\n  \t\t\t\t\t\t  \t\t\t\t\t<\/div>\n          \t\t\t\t\t<div class=\"box-text text-center\" >\n\t\t\t\t\t<div class=\"box-text-inner blog-post-inner\">\n\n\t\t\t\t\t\n\t\t\t\t\t\t\t\t\t\t<h5 class=\"post-title is-large \">\n\t\t\t\t\t\t<a href=\"https:\/\/book2net.net\/de\/2021\/02\/18\/mosquito-denmark\/\" class=\"plain\">Zwei Mosquitos A1 f\u00fcr die D\u00e4nische K\u00f6nigliche Bibliothek<\/a>\n\t\t\t\t\t<\/h5>\n\t\t\t\t\t\t\t\t\t\t<div class=\"is-divider\"><\/div>\n\t\t\t\t\t                    \n\t\t\t\t\t\t\t\t\t\t\t<a href=\"https:\/\/book2net.net\/de\/2021\/02\/18\/mosquito-denmark\/\" class=\"button primary is-outline is-small mb-0\">\n\t\t\t\t\t\t\tweiter lesen\t\t\t\t\t\t<\/a>\n\t\t\t\t\t\n\t\t\t\t\t\n\t\t\t\t\t<\/div>\n\t\t\t\t\t<\/div>\n\t\t\t\t\t\t\t\t\t<\/div>\n\t\t\t<\/div>\n\t\t<\/div><\/div>\n\n\n","protected":false},"excerpt":{"rendered":"<p>Seit \u00fcber 10 Jahren verbindet book2net und die Ludwig-Maximilians-Universit\u00e4t M\u00fcnchen eine erfolgreiche Partnerschaft.<\/p>\n","protected":false},"author":1,"featured_media":3571,"comment_status":"closed","ping_status":"closed","sticky":false,"template":"","format":"standard","meta":{"footnotes":""},"categories":[235],"tags":[],"class_list":["post-3570","post","type-post","status-publish","format-standard","has-post-thumbnail","hentry","category-case-studies"],"_links":{"self":[{"href":"https:\/\/book2net.net\/de\/wp-json\/wp\/v2\/posts\/3570","targetHints":{"allow":["GET"]}}],"collection":[{"href":"https:\/\/book2net.net\/de\/wp-json\/wp\/v2\/posts"}],"about":[{"href":"https:\/\/book2net.net\/de\/wp-json\/wp\/v2\/types\/post"}],"author":[{"embeddable":true,"href":"https:\/\/book2net.net\/de\/wp-json\/wp\/v2\/users\/1"}],"replies":[{"embeddable":true,"href":"https:\/\/book2net.net\/de\/wp-json\/wp\/v2\/comments?post=3570"}],"version-history":[{"count":31,"href":"https:\/\/book2net.net\/de\/wp-json\/wp\/v2\/posts\/3570\/revisions"}],"predecessor-version":[{"id":92893,"href":"https:\/\/book2net.net\/de\/wp-json\/wp\/v2\/posts\/3570\/revisions\/92893"}],"wp:featuredmedia":[{"embeddable":true,"href":"https:\/\/book2net.net\/de\/wp-json\/wp\/v2\/media\/3571"}],"wp:attachment":[{"href":"https:\/\/book2net.net\/de\/wp-json\/wp\/v2\/media?parent=3570"}],"wp:term":[{"taxonomy":"category","embeddable":true,"href":"https:\/\/book2net.net\/de\/wp-json\/wp\/v2\/categories?post=3570"},{"taxonomy":"post_tag","embeddable":true,"href":"https:\/\/book2net.net\/de\/wp-json\/wp\/v2\/tags?post=3570"}],"curies":[{"name":"wp","href":"https:\/\/api.w.org\/{rel}","templated":true}]}}