{"id":5921,"date":"2021-04-23T15:04:59","date_gmt":"2021-04-23T13:04:59","guid":{"rendered":"https:\/\/book2net.net\/?p=5921"},"modified":"2021-09-13T10:30:01","modified_gmt":"2021-09-13T08:30:01","slug":"objektiv","status":"publish","type":"post","link":"https:\/\/book2net.net\/de\/2021\/04\/23\/objektiv\/","title":{"rendered":"Objektiv"},"content":{"rendered":"\n\n\n<p><span style=\"font-size: 120%;\">Jede Kamera ben\u00f6tigt ein Objektiv, um das aufzunehmende Objekt oder das Bild auf den Sensor zu projizieren. Objektive gibt es in verschiedenen Ausf\u00fchrungen f\u00fcr die unterschiedlichsten Anwendungsf\u00e4lle: Makro-, R\u00fcckvergr\u00f6\u00dferungs-, Tele-, Weitwinkel-, Zoom- oder Tilt-Shift-Objektiv. Grunds\u00e4tzlich lassen sich Objektive \u00fcber zwei Wege einstellen: Brennweite und Blende. Die Brennweite bestimmt, wie nah oder wie weit weg Objekte sein m\u00fcssen, damit sie scharf dargestellt werden k\u00f6nnen. Man spricht hierbei auch vom Fokussieren. Die Blende regelt den Lichteinfall durch die Optik auf den Sensor. Ist die Blende weit ge\u00f6ffnet f\u00e4llt viel Licht auf den Sensor, die Tiefensch\u00e4rfe ist grunds\u00e4tzlich gering. Schlie\u00dft man die Blende wird das Bild dunkler, die Tiefensch\u00e4rfe erh\u00f6ht sich jedoch.<\/span><\/p>\n<blockquote>\n<p>Bei unseren Systemen verwenden wir ein spezielles Objektiv, welches f\u00fcr die Digitalisierung von Dokumenten und B\u00fcchern konzipiert wurde. Hierbei wird sehr viel Wert auf eine verzeichnungsfreie Darstellung geachtet, um Verformungen der Dokumente zu vermeiden. Es wird also sichergestellt, dass die Dokumente auch rechtwinklig und ma\u00dfstabsgetreu gescannt und dargestellt werden. Au\u00dferdem unterscheidet sich das von uns verwendete Objektiv von anderen handels\u00fcblichen Objektiven dahingehend, dass es apochromatisch korrigiert ist und selbst in den Randbereichen eine extrem hohe Sch\u00e4rfe aufweist. Denn anders als beim Fotografieren, befinden sich beim Digitalisieren die wichtigen Bildinformationen nicht nur in der Bildmitte, sondern auch, oder besonders, in den Randbereichen.<\/p>\n<\/blockquote>\n<div class=\"row\"  id=\"row-1768254730\">\n\n\n\t<div id=\"col-127351859\" class=\"col small-12 large-12\"  >\n\t\t\t\t<div class=\"col-inner\"  >\n\t\t\t\n\t\t\t\n\n\t<div id=\"gap-1078129407\" class=\"gap-element clearfix\" style=\"display:block; height:auto;\">\n\t\t\n<style>\n#gap-1078129407 {\n  padding-top: 30px;\n}\n<\/style>\n\t<\/div>\n\t\n\n<div class=\"container section-title-container\" ><h3 class=\"section-title section-title-normal\"><b><\/b><span class=\"section-title-main\" >\u00c4hnliche Themen<\/span><b><\/b><\/h3><\/div>\n\n\n  \n    <div class=\"row large-columns-3 medium-columns-1 small-columns-1 has-shadow row-box-shadow-2 row-box-shadow-5-hover slider row-slider slider-nav-reveal slider-nav-push\"  data-flickity-options='{&quot;imagesLoaded&quot;: true, &quot;groupCells&quot;: &quot;100%&quot;, &quot;dragThreshold&quot; : 5, &quot;cellAlign&quot;: &quot;left&quot;,&quot;wrapAround&quot;: true,&quot;prevNextButtons&quot;: true,&quot;percentPosition&quot;: true,&quot;pageDots&quot;: false, &quot;rightToLeft&quot;: false, &quot;autoPlay&quot; : false}' >\n\n  <div class=\"col post-item\" >\n\t\t\t<div class=\"col-inner\">\n\t\t\t\t<div class=\"box box-normal box-text-bottom box-blog-post has-hover\">\n          \t\t\t\t\t<div class=\"box-text text-left\" >\n\t\t\t\t\t<div class=\"box-text-inner blog-post-inner\">\n\n\t\t\t\t\t\n\t\t\t\t\t\t\t\t\t\t<h5 class=\"post-title is-large \">\n\t\t\t\t\t\t<a href=\"https:\/\/book2net.net\/de\/2021\/04\/23\/fokus\/\" class=\"plain\">Fokus<\/a>\n\t\t\t\t\t<\/h5>\n\t\t\t\t\t\t\t\t\t\t<div class=\"is-divider\"><\/div>\n\t\t\t\t\t\t\t\t\t\t<p class=\"from_the_blog_excerpt \">\n\t\t\t\t\t\tDer Fokus oder auch Brennpunkt beschreibt in der [...]\t\t\t\t\t<\/p>\n\t\t\t\t\t                    \n\t\t\t\t\t\t\t\t\t\t\t<a href=\"https:\/\/book2net.net\/de\/2021\/04\/23\/fokus\/\" class=\"button  is-underline is-large mb-0\">\n\t\t\t\t\t\t\tWEITER LESEN\t\t\t\t\t\t<\/a>\n\t\t\t\t\t\n\t\t\t\t\t\n\t\t\t\t\t<\/div>\n\t\t\t\t\t<\/div>\n\t\t\t\t\t\t\t\t\t<\/div>\n\t\t\t<\/div>\n\t\t<\/div><div class=\"col post-item\" >\n\t\t\t<div class=\"col-inner\">\n\t\t\t\t<div class=\"box box-normal box-text-bottom box-blog-post has-hover\">\n          \t\t\t\t\t<div class=\"box-text text-left\" >\n\t\t\t\t\t<div class=\"box-text-inner blog-post-inner\">\n\n\t\t\t\t\t\n\t\t\t\t\t\t\t\t\t\t<h5 class=\"post-title is-large \">\n\t\t\t\t\t\t<a href=\"https:\/\/book2net.net\/de\/2021\/04\/23\/tiefenschaerfe\/\" class=\"plain\">Tiefensch\u00e4rfe<\/a>\n\t\t\t\t\t<\/h5>\n\t\t\t\t\t\t\t\t\t\t<div class=\"is-divider\"><\/div>\n\t\t\t\t\t\t\t\t\t\t<p class=\"from_the_blog_excerpt \">\n\t\t\t\t\t\tDie Tiefensch\u00e4rfe oder auch Sch\u00e4rfentiefe gibt an, in [...]\t\t\t\t\t<\/p>\n\t\t\t\t\t                    \n\t\t\t\t\t\t\t\t\t\t\t<a href=\"https:\/\/book2net.net\/de\/2021\/04\/23\/tiefenschaerfe\/\" class=\"button  is-underline is-large mb-0\">\n\t\t\t\t\t\t\tWEITER LESEN\t\t\t\t\t\t<\/a>\n\t\t\t\t\t\n\t\t\t\t\t\n\t\t\t\t\t<\/div>\n\t\t\t\t\t<\/div>\n\t\t\t\t\t\t\t\t\t<\/div>\n\t\t\t<\/div>\n\t\t<\/div><div class=\"col post-item\" >\n\t\t\t<div class=\"col-inner\">\n\t\t\t\t<div class=\"box box-normal box-text-bottom box-blog-post has-hover\">\n          \t\t\t\t\t<div class=\"box-text text-left\" >\n\t\t\t\t\t<div class=\"box-text-inner blog-post-inner\">\n\n\t\t\t\t\t\n\t\t\t\t\t\t\t\t\t\t<h5 class=\"post-title is-large \">\n\t\t\t\t\t\t<a href=\"https:\/\/book2net.net\/de\/2021\/04\/23\/randbereich\/\" class=\"plain\">Randbereich<\/a>\n\t\t\t\t\t<\/h5>\n\t\t\t\t\t\t\t\t\t\t<div class=\"is-divider\"><\/div>\n\t\t\t\t\t\t\t\t\t\t<p class=\"from_the_blog_excerpt \">\n\t\t\t\t\t\tBeim Digitalisieren mit Auflicht-Scannern ist der Randbereich der [...]\t\t\t\t\t<\/p>\n\t\t\t\t\t                    \n\t\t\t\t\t\t\t\t\t\t\t<a href=\"https:\/\/book2net.net\/de\/2021\/04\/23\/randbereich\/\" class=\"button  is-underline is-large mb-0\">\n\t\t\t\t\t\t\tWEITER LESEN\t\t\t\t\t\t<\/a>\n\t\t\t\t\t\n\t\t\t\t\t\n\t\t\t\t\t<\/div>\n\t\t\t\t\t<\/div>\n\t\t\t\t\t\t\t\t\t<\/div>\n\t\t\t<\/div>\n\t\t<\/div><div class=\"col post-item\" >\n\t\t\t<div class=\"col-inner\">\n\t\t\t\t<div class=\"box box-normal box-text-bottom box-blog-post has-hover\">\n          \t\t\t\t\t<div class=\"box-text text-left\" >\n\t\t\t\t\t<div class=\"box-text-inner blog-post-inner\">\n\n\t\t\t\t\t\n\t\t\t\t\t\t\t\t\t\t<h5 class=\"post-title is-large \">\n\t\t\t\t\t\t<a href=\"https:\/\/book2net.net\/de\/2021\/04\/13\/autofokus\/\" class=\"plain\">Autofokus<\/a>\n\t\t\t\t\t<\/h5>\n\t\t\t\t\t\t\t\t\t\t<div class=\"is-divider\"><\/div>\n\t\t\t\t\t\t\t\t\t\t<p class=\"from_the_blog_excerpt \">\n\t\t\t\t\t\tDer Autofokus ist eine Funktion, die man \u00fcblicherweise [...]\t\t\t\t\t<\/p>\n\t\t\t\t\t                    \n\t\t\t\t\t\t\t\t\t\t\t<a href=\"https:\/\/book2net.net\/de\/2021\/04\/13\/autofokus\/\" class=\"button  is-underline is-large mb-0\">\n\t\t\t\t\t\t\tWEITER LESEN\t\t\t\t\t\t<\/a>\n\t\t\t\t\t\n\t\t\t\t\t\n\t\t\t\t\t<\/div>\n\t\t\t\t\t<\/div>\n\t\t\t\t\t\t\t\t\t<\/div>\n\t\t\t<\/div>\n\t\t<\/div><div class=\"col post-item\" >\n\t\t\t<div class=\"col-inner\">\n\t\t\t\t<div class=\"box box-normal box-text-bottom box-blog-post has-hover\">\n          \t\t\t\t\t<div class=\"box-text text-left\" >\n\t\t\t\t\t<div class=\"box-text-inner blog-post-inner\">\n\n\t\t\t\t\t\n\t\t\t\t\t\t\t\t\t\t<h5 class=\"post-title is-large \">\n\t\t\t\t\t\t<a href=\"https:\/\/book2net.net\/de\/2021\/04\/23\/motorfokus\/\" class=\"plain\">Motorfokus<\/a>\n\t\t\t\t\t<\/h5>\n\t\t\t\t\t\t\t\t\t\t<div class=\"is-divider\"><\/div>\n\t\t\t\t\t\t\t\t\t\t<p class=\"from_the_blog_excerpt \">\n\t\t\t\t\t\tUnsere Systeme arbeiten vorzugsweise mit einer Festbrennweite. Das [...]\t\t\t\t\t<\/p>\n\t\t\t\t\t                    \n\t\t\t\t\t\t\t\t\t\t\t<a href=\"https:\/\/book2net.net\/de\/2021\/04\/23\/motorfokus\/\" class=\"button  is-underline is-large mb-0\">\n\t\t\t\t\t\t\tWEITER LESEN\t\t\t\t\t\t<\/a>\n\t\t\t\t\t\n\t\t\t\t\t\n\t\t\t\t\t<\/div>\n\t\t\t\t\t<\/div>\n\t\t\t\t\t\t\t\t\t<\/div>\n\t\t\t<\/div>\n\t\t<\/div><div class=\"col post-item\" >\n\t\t\t<div class=\"col-inner\">\n\t\t\t\t<div class=\"box box-normal box-text-bottom box-blog-post has-hover\">\n          \t\t\t\t\t<div class=\"box-text text-left\" >\n\t\t\t\t\t<div class=\"box-text-inner blog-post-inner\">\n\n\t\t\t\t\t\n\t\t\t\t\t\t\t\t\t\t<h5 class=\"post-title is-large \">\n\t\t\t\t\t\t<a href=\"https:\/\/book2net.net\/de\/2021\/04\/23\/flaechensensor-ccd-versus-cmos\/\" class=\"plain\">Fl\u00e4chensensor \/ CMOS versus CCD<\/a>\n\t\t\t\t\t<\/h5>\n\t\t\t\t\t\t\t\t\t\t<div class=\"is-divider\"><\/div>\n\t\t\t\t\t\t\t\t\t\t<p class=\"from_the_blog_excerpt \">\n\t\t\t\t\t\tEs gibt zwei Arten von Bildsensoren f\u00fcr Industriekameras [...]\t\t\t\t\t<\/p>\n\t\t\t\t\t                    \n\t\t\t\t\t\t\t\t\t\t\t<a href=\"https:\/\/book2net.net\/de\/2021\/04\/23\/flaechensensor-ccd-versus-cmos\/\" class=\"button  is-underline is-large mb-0\">\n\t\t\t\t\t\t\tWEITER LESEN\t\t\t\t\t\t<\/a>\n\t\t\t\t\t\n\t\t\t\t\t\n\t\t\t\t\t<\/div>\n\t\t\t\t\t<\/div>\n\t\t\t\t\t\t\t\t\t<\/div>\n\t\t\t<\/div>\n\t\t<\/div><div class=\"col post-item\" >\n\t\t\t<div class=\"col-inner\">\n\t\t\t\t<div class=\"box box-normal box-text-bottom box-blog-post has-hover\">\n          \t\t\t\t\t<div class=\"box-text text-left\" >\n\t\t\t\t\t<div class=\"box-text-inner blog-post-inner\">\n\n\t\t\t\t\t\n\t\t\t\t\t\t\t\t\t\t<h5 class=\"post-title is-large \">\n\t\t\t\t\t\t<a href=\"https:\/\/book2net.net\/de\/2021\/04\/13\/bayer_matrix-sensor\/\" class=\"plain\">Bayer-Matrix (Bayer-Sensor)<\/a>\n\t\t\t\t\t<\/h5>\n\t\t\t\t\t\t\t\t\t\t<div class=\"is-divider\"><\/div>\n\t\t\t\t\t\t\t\t\t\t<p class=\"from_the_blog_excerpt \">\n\t\t\t\t\t\tUnter Bayer-Matrix versteht man die r\u00e4umliche Anordnung der [...]\t\t\t\t\t<\/p>\n\t\t\t\t\t                    \n\t\t\t\t\t\t\t\t\t\t\t<a href=\"https:\/\/book2net.net\/de\/2021\/04\/13\/bayer_matrix-sensor\/\" class=\"button  is-underline is-large mb-0\">\n\t\t\t\t\t\t\tWEITER LESEN\t\t\t\t\t\t<\/a>\n\t\t\t\t\t\n\t\t\t\t\t\n\t\t\t\t\t<\/div>\n\t\t\t\t\t<\/div>\n\t\t\t\t\t\t\t\t\t<\/div>\n\t\t\t<\/div>\n\t\t<\/div><\/div>\n\n\n\t\t<\/div>\n\t\t\t\t\t<\/div>\n\n\t\n\n<\/div>\n","protected":false},"excerpt":{"rendered":"<p>Jede Kamera ben\u00f6tigt ein Objektiv, um das aufzunehmende Objekt oder das Bild auf den Sensor zu projizieren. Objektive gibt es in verschiedenen Ausf\u00fchrungen f\u00fcr die unterschiedlichsten Anwendungsf\u00e4lle: Makro-, R\u00fcckvergr\u00f6\u00dferungs-, Tele-, Weitwinkel-, Zoom- oder Tilt-Shift-Objektiv. Grunds\u00e4tzlich lassen sich Objektive \u00fcber zwei Wege einstellen: Brennweite und Blende. Die Brennweite bestimmt, wie nah oder wie weit weg Objekte sein m\u00fcssen, damit sie scharf dargestellt werden k\u00f6nnen.<\/p>\n","protected":false},"author":1,"featured_media":0,"comment_status":"closed","ping_status":"closed","sticky":false,"template":"","format":"standard","meta":{"footnotes":""},"categories":[253,259],"tags":[],"class_list":["post-5921","post","type-post","status-publish","format-standard","hentry","category-glossar","category-o"],"_links":{"self":[{"href":"https:\/\/book2net.net\/de\/wp-json\/wp\/v2\/posts\/5921","targetHints":{"allow":["GET"]}}],"collection":[{"href":"https:\/\/book2net.net\/de\/wp-json\/wp\/v2\/posts"}],"about":[{"href":"https:\/\/book2net.net\/de\/wp-json\/wp\/v2\/types\/post"}],"author":[{"embeddable":true,"href":"https:\/\/book2net.net\/de\/wp-json\/wp\/v2\/users\/1"}],"replies":[{"embeddable":true,"href":"https:\/\/book2net.net\/de\/wp-json\/wp\/v2\/comments?post=5921"}],"version-history":[{"count":5,"href":"https:\/\/book2net.net\/de\/wp-json\/wp\/v2\/posts\/5921\/revisions"}],"predecessor-version":[{"id":9145,"href":"https:\/\/book2net.net\/de\/wp-json\/wp\/v2\/posts\/5921\/revisions\/9145"}],"wp:attachment":[{"href":"https:\/\/book2net.net\/de\/wp-json\/wp\/v2\/media?parent=5921"}],"wp:term":[{"taxonomy":"category","embeddable":true,"href":"https:\/\/book2net.net\/de\/wp-json\/wp\/v2\/categories?post=5921"},{"taxonomy":"post_tag","embeddable":true,"href":"https:\/\/book2net.net\/de\/wp-json\/wp\/v2\/tags?post=5921"}],"curies":[{"name":"wp","href":"https:\/\/api.w.org\/{rel}","templated":true}]}}