{"id":5930,"date":"2021-04-23T14:59:52","date_gmt":"2021-04-23T12:59:52","guid":{"rendered":"https:\/\/book2net.net\/?p=5930"},"modified":"2022-12-08T11:25:13","modified_gmt":"2022-12-08T10:25:13","slug":"randbereich","status":"publish","type":"post","link":"https:\/\/book2net.net\/de\/2021\/04\/23\/randbereich\/","title":{"rendered":"Randbereich"},"content":{"rendered":"\n\n\n<p><span style=\"font-size: 120%;\">Beim Digitalisieren mit Auflichtscannern ist der Randbereich der Dokumente von entscheidender Bedeutung.<\/span><\/p>\n<p><span style=\"font-size: 120%;\"> Erfahrungsgem\u00e4\u00df nimmt die Sch\u00e4rfe der Scans zum Rand hin ab. Daher sind spezielle Objektive n\u00f6tig, um Dokumente und Vorlagen \u00fcber die gesamte Aufnahmefl\u00e4che hinweg, d.h. nicht nur in der Mitte, sondern auch in den kritischen Randbereichen, gleichm\u00e4\u00dfig scharf darzustellen. Au\u00dferdem kommt es im Randbereich teilweise zu Verzeichnungen und Farbs\u00e4umen.<\/span><\/p>\n<blockquote>\n<p><span style=\"font-size: 100%;\">Um dies zu verhindern, sind all unsere Systeme mit apochromatisch korrigierten, speziell f\u00fcr die Digitalisierung konzipierten Spezial-Industrieoptiken ausgestattet.<\/span><\/p>\n<\/blockquote>\n<div class=\"row\"  id=\"row-79356274\">\n\n\n\t<div id=\"col-2014774731\" class=\"col small-12 large-12\"  >\n\t\t\t\t<div class=\"col-inner\"  >\n\t\t\t\n\t\t\t\n\n\t<div id=\"gap-971676579\" class=\"gap-element clearfix\" style=\"display:block; height:auto;\">\n\t\t\n<style>\n#gap-971676579 {\n  padding-top: 30px;\n}\n<\/style>\n\t<\/div>\n\t\n\n<div class=\"container section-title-container\" ><h3 class=\"section-title section-title-normal\"><b><\/b><span class=\"section-title-main\" >\u00c4hnliche Themen<\/span><b><\/b><\/h3><\/div>\n\n\n  \n    <div class=\"row large-columns-3 medium-columns-1 small-columns-1 has-shadow row-box-shadow-2 row-box-shadow-5-hover slider row-slider slider-nav-reveal slider-nav-push\"  data-flickity-options='{&quot;imagesLoaded&quot;: true, &quot;groupCells&quot;: &quot;100%&quot;, &quot;dragThreshold&quot; : 5, &quot;cellAlign&quot;: &quot;left&quot;,&quot;wrapAround&quot;: true,&quot;prevNextButtons&quot;: true,&quot;percentPosition&quot;: true,&quot;pageDots&quot;: false, &quot;rightToLeft&quot;: false, &quot;autoPlay&quot; : false}' >\n\n  <div class=\"col post-item\" >\n\t\t\t<div class=\"col-inner\">\n\t\t\t\t<div class=\"box box-normal box-text-bottom box-blog-post has-hover\">\n          \t\t\t\t\t<div class=\"box-text text-left\" >\n\t\t\t\t\t<div class=\"box-text-inner blog-post-inner\">\n\n\t\t\t\t\t\n\t\t\t\t\t\t\t\t\t\t<h5 class=\"post-title is-large \">\n\t\t\t\t\t\t<a href=\"https:\/\/book2net.net\/de\/2021\/04\/23\/tiefenschaerfe\/\" class=\"plain\">Tiefensch\u00e4rfe<\/a>\n\t\t\t\t\t<\/h5>\n\t\t\t\t\t\t\t\t\t\t<div class=\"is-divider\"><\/div>\n\t\t\t\t\t\t\t\t\t\t<p class=\"from_the_blog_excerpt \">\n\t\t\t\t\t\tDie Tiefensch\u00e4rfe oder auch Sch\u00e4rfentiefe gibt an, in [...]\t\t\t\t\t<\/p>\n\t\t\t\t\t                    \n\t\t\t\t\t\t\t\t\t\t\t<a href=\"https:\/\/book2net.net\/de\/2021\/04\/23\/tiefenschaerfe\/\" class=\"button  is-underline is-large mb-0\">\n\t\t\t\t\t\t\tWEITER LESEN\t\t\t\t\t\t<\/a>\n\t\t\t\t\t\n\t\t\t\t\t\n\t\t\t\t\t<\/div>\n\t\t\t\t\t<\/div>\n\t\t\t\t\t\t\t\t\t<\/div>\n\t\t\t<\/div>\n\t\t<\/div><div class=\"col post-item\" >\n\t\t\t<div class=\"col-inner\">\n\t\t\t\t<div class=\"box box-normal box-text-bottom box-blog-post has-hover\">\n          \t\t\t\t\t<div class=\"box-text text-left\" >\n\t\t\t\t\t<div class=\"box-text-inner blog-post-inner\">\n\n\t\t\t\t\t\n\t\t\t\t\t\t\t\t\t\t<h5 class=\"post-title is-large \">\n\t\t\t\t\t\t<a href=\"https:\/\/book2net.net\/de\/2021\/05\/06\/schaerfeebene\/\" class=\"plain\">Sch\u00e4rfeebene<\/a>\n\t\t\t\t\t<\/h5>\n\t\t\t\t\t\t\t\t\t\t<div class=\"is-divider\"><\/div>\n\t\t\t\t\t\t\t\t\t\t<p class=\"from_the_blog_excerpt \">\n\t\t\t\t\t\tDurch die Verwendung von Fl\u00e4chensensoren in unseren Systemen [...]\t\t\t\t\t<\/p>\n\t\t\t\t\t                    \n\t\t\t\t\t\t\t\t\t\t\t<a href=\"https:\/\/book2net.net\/de\/2021\/05\/06\/schaerfeebene\/\" class=\"button  is-underline is-large mb-0\">\n\t\t\t\t\t\t\tWEITER LESEN\t\t\t\t\t\t<\/a>\n\t\t\t\t\t\n\t\t\t\t\t\n\t\t\t\t\t<\/div>\n\t\t\t\t\t<\/div>\n\t\t\t\t\t\t\t\t\t<\/div>\n\t\t\t<\/div>\n\t\t<\/div><div class=\"col post-item\" >\n\t\t\t<div class=\"col-inner\">\n\t\t\t\t<div class=\"box box-normal box-text-bottom box-blog-post has-hover\">\n          \t\t\t\t\t<div class=\"box-text text-left\" >\n\t\t\t\t\t<div class=\"box-text-inner blog-post-inner\">\n\n\t\t\t\t\t\n\t\t\t\t\t\t\t\t\t\t<h5 class=\"post-title is-large \">\n\t\t\t\t\t\t<a href=\"https:\/\/book2net.net\/de\/2021\/04\/23\/objektiv\/\" class=\"plain\">Objektiv<\/a>\n\t\t\t\t\t<\/h5>\n\t\t\t\t\t\t\t\t\t\t<div class=\"is-divider\"><\/div>\n\t\t\t\t\t\t\t\t\t\t<p class=\"from_the_blog_excerpt \">\n\t\t\t\t\t\tJede Kamera ben\u00f6tigt ein Objektiv, um das aufzunehmende [...]\t\t\t\t\t<\/p>\n\t\t\t\t\t                    \n\t\t\t\t\t\t\t\t\t\t\t<a href=\"https:\/\/book2net.net\/de\/2021\/04\/23\/objektiv\/\" class=\"button  is-underline is-large mb-0\">\n\t\t\t\t\t\t\tWEITER LESEN\t\t\t\t\t\t<\/a>\n\t\t\t\t\t\n\t\t\t\t\t\n\t\t\t\t\t<\/div>\n\t\t\t\t\t<\/div>\n\t\t\t\t\t\t\t\t\t<\/div>\n\t\t\t<\/div>\n\t\t<\/div><div class=\"col post-item\" >\n\t\t\t<div class=\"col-inner\">\n\t\t\t\t<div class=\"box box-normal box-text-bottom box-blog-post has-hover\">\n          \t\t\t\t\t<div class=\"box-text text-left\" >\n\t\t\t\t\t<div class=\"box-text-inner blog-post-inner\">\n\n\t\t\t\t\t\n\t\t\t\t\t\t\t\t\t\t<h5 class=\"post-title is-large \">\n\t\t\t\t\t\t<a href=\"https:\/\/book2net.net\/de\/2021\/06\/01\/apochromat-apochromatisch\/\" class=\"plain\">Apochromat \/ apochromatisch<\/a>\n\t\t\t\t\t<\/h5>\n\t\t\t\t\t\t\t\t\t\t<div class=\"is-divider\"><\/div>\n\t\t\t\t\t\t\t\t\t\t<p class=\"from_the_blog_excerpt \">\n\t\t\t\t\t\tWenn Licht durch eine Optik (Linsen aus Glas) [...]\t\t\t\t\t<\/p>\n\t\t\t\t\t                    \n\t\t\t\t\t\t\t\t\t\t\t<a href=\"https:\/\/book2net.net\/de\/2021\/06\/01\/apochromat-apochromatisch\/\" class=\"button  is-underline is-large mb-0\">\n\t\t\t\t\t\t\tWEITER LESEN\t\t\t\t\t\t<\/a>\n\t\t\t\t\t\n\t\t\t\t\t\n\t\t\t\t\t<\/div>\n\t\t\t\t\t<\/div>\n\t\t\t\t\t\t\t\t\t<\/div>\n\t\t\t<\/div>\n\t\t<\/div><div class=\"col post-item\" >\n\t\t\t<div class=\"col-inner\">\n\t\t\t\t<div class=\"box box-normal box-text-bottom box-blog-post has-hover\">\n          \t\t\t\t\t<div class=\"box-text text-left\" >\n\t\t\t\t\t<div class=\"box-text-inner blog-post-inner\">\n\n\t\t\t\t\t\n\t\t\t\t\t\t\t\t\t\t<h5 class=\"post-title is-large \">\n\t\t\t\t\t\t<a href=\"https:\/\/book2net.net\/de\/2021\/04\/23\/fokus\/\" class=\"plain\">Fokus<\/a>\n\t\t\t\t\t<\/h5>\n\t\t\t\t\t\t\t\t\t\t<div class=\"is-divider\"><\/div>\n\t\t\t\t\t\t\t\t\t\t<p class=\"from_the_blog_excerpt \">\n\t\t\t\t\t\tDer Fokus oder auch Brennpunkt beschreibt in der [...]\t\t\t\t\t<\/p>\n\t\t\t\t\t                    \n\t\t\t\t\t\t\t\t\t\t\t<a href=\"https:\/\/book2net.net\/de\/2021\/04\/23\/fokus\/\" class=\"button  is-underline is-large mb-0\">\n\t\t\t\t\t\t\tWEITER LESEN\t\t\t\t\t\t<\/a>\n\t\t\t\t\t\n\t\t\t\t\t\n\t\t\t\t\t<\/div>\n\t\t\t\t\t<\/div>\n\t\t\t\t\t\t\t\t\t<\/div>\n\t\t\t<\/div>\n\t\t<\/div><div class=\"col post-item\" >\n\t\t\t<div class=\"col-inner\">\n\t\t\t\t<div class=\"box box-normal box-text-bottom box-blog-post has-hover\">\n          \t\t\t\t\t<div class=\"box-text text-left\" >\n\t\t\t\t\t<div class=\"box-text-inner blog-post-inner\">\n\n\t\t\t\t\t\n\t\t\t\t\t\t\t\t\t\t<h5 class=\"post-title is-large \">\n\t\t\t\t\t\t<a href=\"https:\/\/book2net.net\/de\/2021\/08\/13\/auflichtscanner\/\" class=\"plain\">Auflichtscanner<\/a>\n\t\t\t\t\t<\/h5>\n\t\t\t\t\t\t\t\t\t\t<div class=\"is-divider\"><\/div>\n\t\t\t\t\t\t\t\t\t\t<p class=\"from_the_blog_excerpt \">\n\t\t\t\t\t\tAnalog zur Bezeichnung Auflichtscanner werden auch die Begriffe [...]\t\t\t\t\t<\/p>\n\t\t\t\t\t                    \n\t\t\t\t\t\t\t\t\t\t\t<a href=\"https:\/\/book2net.net\/de\/2021\/08\/13\/auflichtscanner\/\" class=\"button  is-underline is-large mb-0\">\n\t\t\t\t\t\t\tWEITER LESEN\t\t\t\t\t\t<\/a>\n\t\t\t\t\t\n\t\t\t\t\t\n\t\t\t\t\t<\/div>\n\t\t\t\t\t<\/div>\n\t\t\t\t\t\t\t\t\t<\/div>\n\t\t\t<\/div>\n\t\t<\/div><\/div>\n\n\n\t\t<\/div>\n\t\t\t\t\t<\/div>\n\n\t\n\n<\/div>\n\n","protected":false},"excerpt":{"rendered":"<p>Beim Digitalisieren mit Auflicht-Scannern ist der Randbereich der Dokumente von entscheidender Bedeutung. Erfahrungsgem\u00e4\u00df nimmt die Sch\u00e4rfe der Scans zum Rand hin ab. Daher sind spezielle Objektive n\u00f6tig, um Dokumente und Vorlagen \u00fcber die gesamte Aufnahmefl\u00e4che hinweg, d.h. nicht nur in der Mitte, sondern auch in den kritischen Randbereichen, gleichm\u00e4\u00dfig scharf darzustellen.<\/p>\n","protected":false},"author":1,"featured_media":0,"comment_status":"closed","ping_status":"closed","sticky":false,"template":"","format":"standard","meta":{"footnotes":""},"categories":[253,256],"tags":[],"class_list":["post-5930","post","type-post","status-publish","format-standard","hentry","category-glossar","category-r"],"_links":{"self":[{"href":"https:\/\/book2net.net\/de\/wp-json\/wp\/v2\/posts\/5930","targetHints":{"allow":["GET"]}}],"collection":[{"href":"https:\/\/book2net.net\/de\/wp-json\/wp\/v2\/posts"}],"about":[{"href":"https:\/\/book2net.net\/de\/wp-json\/wp\/v2\/types\/post"}],"author":[{"embeddable":true,"href":"https:\/\/book2net.net\/de\/wp-json\/wp\/v2\/users\/1"}],"replies":[{"embeddable":true,"href":"https:\/\/book2net.net\/de\/wp-json\/wp\/v2\/comments?post=5930"}],"version-history":[{"count":9,"href":"https:\/\/book2net.net\/de\/wp-json\/wp\/v2\/posts\/5930\/revisions"}],"predecessor-version":[{"id":9155,"href":"https:\/\/book2net.net\/de\/wp-json\/wp\/v2\/posts\/5930\/revisions\/9155"}],"wp:attachment":[{"href":"https:\/\/book2net.net\/de\/wp-json\/wp\/v2\/media?parent=5930"}],"wp:term":[{"taxonomy":"category","embeddable":true,"href":"https:\/\/book2net.net\/de\/wp-json\/wp\/v2\/categories?post=5930"},{"taxonomy":"post_tag","embeddable":true,"href":"https:\/\/book2net.net\/de\/wp-json\/wp\/v2\/tags?post=5930"}],"curies":[{"name":"wp","href":"https:\/\/api.w.org\/{rel}","templated":true}]}}